{"id":66811,"date":"2026-04-05T17:36:11","date_gmt":"2026-04-05T17:36:11","guid":{"rendered":"https:\/\/www.europesays.com\/afrique\/66811\/"},"modified":"2026-04-05T17:36:11","modified_gmt":"2026-04-05T17:36:11","slug":"une-accusation-grave-contre-le-senegal-accuse-davoir-echappe-au-controle-antidopage-face-au-maroc","status":"publish","type":"post","link":"https:\/\/www.europesays.com\/afrique\/66811\/","title":{"rendered":"Une accusation grave contre le S\u00e9n\u00e9gal, accus\u00e9 d&rsquo;avoir \u00e9chapp\u00e9 au contr\u00f4le antidopage face au Maroc"},"content":{"rendered":"<p>\u00ab O\u00f9 est l&rsquo;Agence mondiale antidopage ? \u00bb, a ajout\u00e9 El Temsamani. \u00ab Les joueurs s\u00e9n\u00e9galais ont quitt\u00e9 le stade Prince Moulay Abdellah de Rabat 35 minutes apr\u00e8s la c\u00e9r\u00e9monie de remise des prix. \u00bb<\/p>\n<p>Il a poursuivi : \u00ab Ce d\u00e9lai n&rsquo;est pas suffisant pour que les joueurs se soumettent \u00e0 un contr\u00f4le antidopage. J&rsquo;ai des sources proches \u00e0 Bruxelles qui ont contact\u00e9 la CAF et l&rsquo;Agence mondiale antidopage, mais nous n&rsquo;avons re\u00e7u aucune r\u00e9ponse \u00e0 ce jour. \u00bb<\/p>\n<p>Il a soulign\u00e9 : \u00ab Les soup\u00e7ons s&rsquo;intensifient quant \u00e0 la fuite des joueurs s\u00e9n\u00e9galais pour \u00e9chapper au contr\u00f4le antidopage, et je dispose \u00e9galement d&rsquo;informations concernant des tensions internes au sein de la F\u00e9d\u00e9ration s\u00e9n\u00e9galaise. \u00bb<\/p>\n","protected":false},"excerpt":{"rendered":"\u00ab O\u00f9 est l&rsquo;Agence mondiale antidopage ? \u00bb, a ajout\u00e9 El Temsamani. \u00ab Les joueurs s\u00e9n\u00e9galais ont quitt\u00e9&hellip;\n","protected":false},"author":2,"featured_media":66812,"comment_status":"","ping_status":"","sticky":false,"template":"","format":"standard","meta":{"footnotes":"","_share_on_mastodon":"0"},"categories":[84],"tags":[450,86,451,11,11307,11308],"class_list":["post-66811","post","type-post","status-publish","format-standard","has-post-thumbnail","category-senegal","tag-africa-cup-of-nations","tag-maroc","tag-morocco","tag-senegal","tag-senegal-vs-maroc","tag-senegal-vs-morocco"],"share_on_mastodon":{"url":"https:\/\/pubeurope.com\/@afrique\/116353314528000890","error":""},"_links":{"self":[{"href":"https:\/\/www.europesays.com\/afrique\/wp-json\/wp\/v2\/posts\/66811","targetHints":{"allow":["GET"]}}],"collection":[{"href":"https:\/\/www.europesays.com\/afrique\/wp-json\/wp\/v2\/posts"}],"about":[{"href":"https:\/\/www.europesays.com\/afrique\/wp-json\/wp\/v2\/types\/post"}],"author":[{"embeddable":true,"href":"https:\/\/www.europesays.com\/afrique\/wp-json\/wp\/v2\/users\/2"}],"replies":[{"embeddable":true,"href":"https:\/\/www.europesays.com\/afrique\/wp-json\/wp\/v2\/comments?post=66811"}],"version-history":[{"count":0,"href":"https:\/\/www.europesays.com\/afrique\/wp-json\/wp\/v2\/posts\/66811\/revisions"}],"wp:featuredmedia":[{"embeddable":true,"href":"https:\/\/www.europesays.com\/afrique\/wp-json\/wp\/v2\/media\/66812"}],"wp:attachment":[{"href":"https:\/\/www.europesays.com\/afrique\/wp-json\/wp\/v2\/media?parent=66811"}],"wp:term":[{"taxonomy":"category","embeddable":true,"href":"https:\/\/www.europesays.com\/afrique\/wp-json\/wp\/v2\/categories?post=66811"},{"taxonomy":"post_tag","embeddable":true,"href":"https:\/\/www.europesays.com\/afrique\/wp-json\/wp\/v2\/tags?post=66811"}],"curies":[{"name":"wp","href":"https:\/\/api.w.org\/{rel}","templated":true}]}}