{"id":66851,"date":"2026-04-05T18:41:07","date_gmt":"2026-04-05T18:41:07","guid":{"rendered":"https:\/\/www.europesays.com\/afrique\/66851\/"},"modified":"2026-04-05T18:41:07","modified_gmt":"2026-04-05T18:41:07","slug":"othmen-najjar-et-son-staff-mis-a-la-porte-par-singida","status":"publish","type":"post","link":"https:\/\/www.europesays.com\/afrique\/66851\/","title":{"rendered":"Othmen Najjar et son staff mis \u00e0 la porte par Singida !"},"content":{"rendered":"<p>                <img width=\"710\" height=\"546\" src=\"https:\/\/www.europesays.com\/afrique\/wp-content\/uploads\/2026\/04\/img_0232-710x546.jpeg\" class=\"attachment-large size-large wp-post-image\" alt=\"\" decoding=\"async\" fetchpriority=\"high\"  \/>            <\/p>\n<p class=\"p1\">Le club tanzanien de Singida Black Stars a pris une d\u00e9cision radicale suite \u00e0 une s\u00e9rie de contre-performances jug\u00e9es inacceptables par la direction. L\u2019entra\u00eeneur principal, Othmen Najjar, a \u00e9t\u00e9 officiellement d\u00e9mis de ses fonctions. Ce licenciement marque la fin d\u2019une collaboration qui n\u2019aura pas port\u00e9 les fruits escompt\u00e9s en termes de r\u00e9sultats sportifs et de progression au classement.<\/p>\n<p class=\"p2\">Mais le club ne s\u2019est pas arr\u00eat\u00e9 l\u00e0. Dans une volont\u00e9 de repartir sur des bases totalement neuves, la direction a annonc\u00e9 la dissolution compl\u00e8te du staff technique. Adjoints, pr\u00e9parateurs et analystes quittent \u00e9galement le navire, laissant place \u00e0 une restructuration totale de l\u2019encadrement sportif. Cette d\u00e9cision \u00ab\u00a0coup de poing\u00a0\u00bb t\u00e9moigne de l\u2019urgence de cr\u00e9er un choc psychologique au sein du vestiaire.<\/p>\n<p class=\"p2\">Actuellement en qu\u00eate d\u2019un nouveau souffle, les Black Stars s\u2019activent d\u00e9sormais pour trouver un successeur capable de redresser la barre. En attendant la nomination d\u2019un nouveau staff, le club devra g\u00e9rer cette p\u00e9riode de transition avec prudence pour ne pas s\u2019enfoncer davantage dans la crise. Le d\u00e9fi est immense, reconstruire une identit\u00e9 de jeu et retrouver le chemin de la victoire en plein c\u0153ur de la saison.<\/p>\n<p>            \ud83d\udce7<\/p>\n<p>\n                Newsletter Africa Top Sports<br \/>\n                R\u00e9sum\u00e9 hebdo \u00b7 Chaque vendredi\n            <\/p>\n<p style=\"margin:0 0 16px;font-size:13px;color:#ccc;line-height:1.5;\">R\u00e9sultats, analyses, pronostics et actus du foot africain directement dans votre bo\u00eete mail.<\/p>\n<p>\u2705 Inscription confirm\u00e9e ! \u00c0 vendredi \ud83c\udf89<\/p>\n","protected":false},"excerpt":{"rendered":"Le club tanzanien de Singida Black Stars a pris une d\u00e9cision radicale suite \u00e0 une s\u00e9rie de contre-performances&hellip;\n","protected":false},"author":2,"featured_media":66852,"comment_status":"","ping_status":"","sticky":false,"template":"","format":"standard","meta":{"footnotes":"","_share_on_mastodon":"0"},"categories":[4],"tags":[6,1451,308,25221,25222,25223,25224,25225,304,25226],"class_list":["post-66851","post","type-post","status-publish","format-standard","has-post-thumbnail","category-afrique","tag-afrique","tag-black-stars","tag-football","tag-najjr","tag-nbc-league","tag-othem-najjar","tag-singida","tag-singida-black-stars-fc","tag-tanzanie","tag-tanzanie-d1"],"share_on_mastodon":{"url":"https:\/\/pubeurope.com\/@afrique\/116353570190976374","error":""},"_links":{"self":[{"href":"https:\/\/www.europesays.com\/afrique\/wp-json\/wp\/v2\/posts\/66851","targetHints":{"allow":["GET"]}}],"collection":[{"href":"https:\/\/www.europesays.com\/afrique\/wp-json\/wp\/v2\/posts"}],"about":[{"href":"https:\/\/www.europesays.com\/afrique\/wp-json\/wp\/v2\/types\/post"}],"author":[{"embeddable":true,"href":"https:\/\/www.europesays.com\/afrique\/wp-json\/wp\/v2\/users\/2"}],"replies":[{"embeddable":true,"href":"https:\/\/www.europesays.com\/afrique\/wp-json\/wp\/v2\/comments?post=66851"}],"version-history":[{"count":0,"href":"https:\/\/www.europesays.com\/afrique\/wp-json\/wp\/v2\/posts\/66851\/revisions"}],"wp:featuredmedia":[{"embeddable":true,"href":"https:\/\/www.europesays.com\/afrique\/wp-json\/wp\/v2\/media\/66852"}],"wp:attachment":[{"href":"https:\/\/www.europesays.com\/afrique\/wp-json\/wp\/v2\/media?parent=66851"}],"wp:term":[{"taxonomy":"category","embeddable":true,"href":"https:\/\/www.europesays.com\/afrique\/wp-json\/wp\/v2\/categories?post=66851"},{"taxonomy":"post_tag","embeddable":true,"href":"https:\/\/www.europesays.com\/afrique\/wp-json\/wp\/v2\/tags?post=66851"}],"curies":[{"name":"wp","href":"https:\/\/api.w.org\/{rel}","templated":true}]}}