{"id":67535,"date":"2026-04-06T13:45:06","date_gmt":"2026-04-06T13:45:06","guid":{"rendered":"https:\/\/www.europesays.com\/afrique\/67535\/"},"modified":"2026-04-06T13:45:06","modified_gmt":"2026-04-06T13:45:06","slug":"le-president-de-la-federation-senegalaise-provoque-le-maroc-par-des-declarations-audacieuses","status":"publish","type":"post","link":"https:\/\/www.europesays.com\/afrique\/67535\/","title":{"rendered":"Le pr\u00e9sident de la F\u00e9d\u00e9ration s\u00e9n\u00e9galaise provoque le Maroc par des d\u00e9clarations audacieuses"},"content":{"rendered":"<p data-testid=\"article-teaser\">Le S\u00e9n\u00e9gal est champion d&rsquo;Afrique&#8230; et le titre de la Coupe d&rsquo;Afrique des nations ne peut lui \u00eatre retir\u00e9<\/p>\n<p>Le pr\u00e9sident de la F\u00e9d\u00e9ration s\u00e9n\u00e9galaise de football, Abdoulaye Fall, a affirm\u00e9 qu&rsquo;il n&rsquo;y avait aucune menace juridique de retrait du titre de la Coupe d&rsquo;Afrique des nations aux Lions de la Teranga.<\/p>\n<p>La s\u00e9lection s\u00e9n\u00e9galaise avait remport\u00e9 la CAN 2025 apr\u00e8s avoir battu le Maroc 1-0 \u00e0 l&rsquo;issue des prolongations, mais la Commission d&rsquo;appel de la CAF a d\u00e9cid\u00e9 de retirer le titre au S\u00e9n\u00e9gal pour l&rsquo;attribuer au Maroc.<\/p>\n<p>\u00ab D&rsquo;un point de vue juridique, il n&rsquo;y a aucune menace pesant sur le titre \u00bb, a d\u00e9clar\u00e9 Fall lors d&rsquo;un entretien exclusif avec l&rsquo;Agence de presse s\u00e9n\u00e9galaise.<\/p>\n<p>Il a ajout\u00e9 : \u00ab Nous avons d\u00e9pos\u00e9 notre dossier aupr\u00e8s du Tribunal arbitral du sport, et je suis serein sur le plan juridique, car ce titre ne peut pas \u00eatre retir\u00e9 au S\u00e9n\u00e9gal. \u00bb<\/p>\n<p>Il a poursuivi : \u00ab La s\u00e9lection s\u00e9n\u00e9galaise reste championne d&rsquo;Afrique, le reste n&rsquo;est que d\u00e9tails. L&rsquo;essentiel, c&rsquo;est la victoire sur le terrain, et c&rsquo;est ce qui a \u00e9t\u00e9 r\u00e9alis\u00e9. \u00bb<\/p>\n<p>Lire aussi<\/p>\n<p>Une accusation grave contre le S\u00e9n\u00e9gal : avoir fui le contr\u00f4le antidopage face au Maroc<\/p>\n","protected":false},"excerpt":{"rendered":"Le S\u00e9n\u00e9gal est champion d&rsquo;Afrique&#8230; et le titre de la Coupe d&rsquo;Afrique des nations ne peut lui \u00eatre&hellip;\n","protected":false},"author":2,"featured_media":67536,"comment_status":"","ping_status":"","sticky":false,"template":"","format":"standard","meta":{"footnotes":"","_share_on_mastodon":"0"},"categories":[83],"tags":[450,86,451,11,11307,11308],"class_list":["post-67535","post","type-post","status-publish","format-standard","has-post-thumbnail","category-maroc","tag-africa-cup-of-nations","tag-maroc","tag-morocco","tag-senegal","tag-senegal-vs-maroc","tag-senegal-vs-morocco"],"share_on_mastodon":{"url":"https:\/\/pubeurope.com\/@afrique\/116358068496064609","error":""},"_links":{"self":[{"href":"https:\/\/www.europesays.com\/afrique\/wp-json\/wp\/v2\/posts\/67535","targetHints":{"allow":["GET"]}}],"collection":[{"href":"https:\/\/www.europesays.com\/afrique\/wp-json\/wp\/v2\/posts"}],"about":[{"href":"https:\/\/www.europesays.com\/afrique\/wp-json\/wp\/v2\/types\/post"}],"author":[{"embeddable":true,"href":"https:\/\/www.europesays.com\/afrique\/wp-json\/wp\/v2\/users\/2"}],"replies":[{"embeddable":true,"href":"https:\/\/www.europesays.com\/afrique\/wp-json\/wp\/v2\/comments?post=67535"}],"version-history":[{"count":0,"href":"https:\/\/www.europesays.com\/afrique\/wp-json\/wp\/v2\/posts\/67535\/revisions"}],"wp:featuredmedia":[{"embeddable":true,"href":"https:\/\/www.europesays.com\/afrique\/wp-json\/wp\/v2\/media\/67536"}],"wp:attachment":[{"href":"https:\/\/www.europesays.com\/afrique\/wp-json\/wp\/v2\/media?parent=67535"}],"wp:term":[{"taxonomy":"category","embeddable":true,"href":"https:\/\/www.europesays.com\/afrique\/wp-json\/wp\/v2\/categories?post=67535"},{"taxonomy":"post_tag","embeddable":true,"href":"https:\/\/www.europesays.com\/afrique\/wp-json\/wp\/v2\/tags?post=67535"}],"curies":[{"name":"wp","href":"https:\/\/api.w.org\/{rel}","templated":true}]}}