{"id":67890,"date":"2026-04-06T21:19:07","date_gmt":"2026-04-06T21:19:07","guid":{"rendered":"https:\/\/www.europesays.com\/afrique\/67890\/"},"modified":"2026-04-06T21:19:07","modified_gmt":"2026-04-06T21:19:07","slug":"iwobi-sexcuse-apres-son-carton-rouge-face-a-la-jordanie","status":"publish","type":"post","link":"https:\/\/www.europesays.com\/afrique\/67890\/","title":{"rendered":"Iwobi s\u2019excuse apr\u00e8s son carton rouge face \u00e0 la Jordanie"},"content":{"rendered":"<p data-start=\"0\" data-end=\"285\">Alex Iwobi, milieu de terrain des Super Eagles, a reconnu sa responsabilit\u00e9 apr\u00e8s son carton rouge en fin de match <a href=\"https:\/\/www.africatopsports.com\/2026\/03\/31\/jordanie-nigeria-les-super-eagles-accroches-2-2\/\" rel=\"nofollow noopener\" target=\"_blank\">lors du nul (2-2) du Nigeria face \u00e0 la Jordanie en amical international, le 31 mars.<\/a><\/p>\n<p data-start=\"287\" data-end=\"484\">Iwobi a \u00e9t\u00e9 expuls\u00e9 apr\u00e8s avoir r\u00e9agi avec col\u00e8re \u00e0 une retenue du joueur jordanien Amer Jamous, lors de cette rencontre disput\u00e9e en Turquie.<\/p>\n<p data-start=\"486\" data-end=\"766\">S\u2019exprimant dans un podcast, l\u2019ancien joueur d\u2019Arsenal FC a reconnu ses torts et pr\u00e9sent\u00e9 ses excuses.<\/p>\n<p>\u00ab Je dois assumer ce que j\u2019ai fait et pr\u00e9senter mes excuses \u00e0 tous mes co\u00e9quipiers nig\u00e9rians, au staff et \u00e0 tous ceux qui soutiennent le Nigeria. Mes actions n\u2019ont pas \u00e9t\u00e9 \u00e0 la hauteur, et j\u2019ai \u00e9t\u00e9 expuls\u00e9 \u00bb, a-t-il d\u00e9clar\u00e9.<\/p>\n<p data-start=\"848\" data-end=\"993\">\u00ab Mais je vais en tirer des le\u00e7ons et aller de l\u2019avant. Nous avons fait match nul, nous n\u2019avons pas perdu, donc nous allons retenir le positif. Je tiens \u00e0 m\u2019excuser pour cette erreur \u00bb, a ajout\u00e9 le joueur de Fulham FC.<\/p>\n<p data-start=\"1099\" data-end=\"1269\" data-is-last-node=\"\" data-is-only-node=\"\">Les Super Eagles retrouveront la comp\u00e9tition en juin avec deux matchs amicaux face \u00e0 la Pologne et au Portugal.<\/p>\n","protected":false},"excerpt":{"rendered":"Alex Iwobi, milieu de terrain des Super Eagles, a reconnu sa responsabilit\u00e9 apr\u00e8s son carton rouge en fin&hellip;\n","protected":false},"author":2,"featured_media":67891,"comment_status":"","ping_status":"","sticky":false,"template":"","format":"standard","meta":{"footnotes":"","_share_on_mastodon":"0"},"categories":[176],"tags":[6,25669,1624,192],"class_list":["post-67890","post","type-post","status-publish","format-standard","has-post-thumbnail","category-nigeria","tag-afrique","tag-alex-iwobi","tag-jordanie","tag-nigeria"],"share_on_mastodon":{"url":"https:\/\/pubeurope.com\/@afrique\/116359853728208706","error":""},"_links":{"self":[{"href":"https:\/\/www.europesays.com\/afrique\/wp-json\/wp\/v2\/posts\/67890","targetHints":{"allow":["GET"]}}],"collection":[{"href":"https:\/\/www.europesays.com\/afrique\/wp-json\/wp\/v2\/posts"}],"about":[{"href":"https:\/\/www.europesays.com\/afrique\/wp-json\/wp\/v2\/types\/post"}],"author":[{"embeddable":true,"href":"https:\/\/www.europesays.com\/afrique\/wp-json\/wp\/v2\/users\/2"}],"replies":[{"embeddable":true,"href":"https:\/\/www.europesays.com\/afrique\/wp-json\/wp\/v2\/comments?post=67890"}],"version-history":[{"count":0,"href":"https:\/\/www.europesays.com\/afrique\/wp-json\/wp\/v2\/posts\/67890\/revisions"}],"wp:featuredmedia":[{"embeddable":true,"href":"https:\/\/www.europesays.com\/afrique\/wp-json\/wp\/v2\/media\/67891"}],"wp:attachment":[{"href":"https:\/\/www.europesays.com\/afrique\/wp-json\/wp\/v2\/media?parent=67890"}],"wp:term":[{"taxonomy":"category","embeddable":true,"href":"https:\/\/www.europesays.com\/afrique\/wp-json\/wp\/v2\/categories?post=67890"},{"taxonomy":"post_tag","embeddable":true,"href":"https:\/\/www.europesays.com\/afrique\/wp-json\/wp\/v2\/tags?post=67890"}],"curies":[{"name":"wp","href":"https:\/\/api.w.org\/{rel}","templated":true}]}}