{"id":68024,"date":"2026-04-07T00:10:09","date_gmt":"2026-04-07T00:10:09","guid":{"rendered":"https:\/\/www.europesays.com\/afrique\/68024\/"},"modified":"2026-04-07T00:10:09","modified_gmt":"2026-04-07T00:10:09","slug":"la-decision-du-jury-dappel-tombe-abdoulaye-fall-annonce-une-nouvelle-etape-dans-le-dossier","status":"publish","type":"post","link":"https:\/\/www.europesays.com\/afrique\/68024\/","title":{"rendered":"La d\u00e9cision du jury d&rsquo;appel tombe, Abdoulaye Fall annonce une nouvelle \u00e9tape dans le dossier"},"content":{"rendered":"<p class=\"firstp\">Les avocats de la F\u00e9d\u00e9ration s\u00e9n\u00e9galaise de football attendaient jusque-l\u00e0 la motivation de la d\u00e9cision rendue par le jury d\u2019appel de la Conf\u00e9d\u00e9ration africaine de football (<a href=\"https:\/\/www.senenews.com\/actualites\/samson-adamu-un-profil-experimente-au-coeur-du-systeme-caf_581947.html\" rel=\"nofollow noopener\" target=\"_blank\">CAF<\/a>). Celle-ci a finalement \u00e9t\u00e9 transmise aux responsables du football s\u00e9n\u00e9galais.<\/p>\n<p>\u00ab On attendait la motivation de la d\u00e9cision, on l\u2019a re\u00e7ue aujourd\u2019hui \u00bb, a d\u00e9clar\u00e9 <a href=\"https:\/\/www.senenews.com\/actualites\/abdoulaye-fall-patron-fsf-revele-je-recois-des-mails-du-monde-entier-qui-nous-disent-que_579947.html\" rel=\"nofollow noopener\" target=\"_blank\">Abdoulaye Fall<\/a> dans un entretien accord\u00e9 \u00e0 l\u2019Agence de presse s\u00e9n\u00e9galaise.\n<\/p>\n<p>Par ailleurs, le pr\u00e9sident de la FSF a \u00e9voqu\u00e9 le programme de pr\u00e9paration de l\u2019\u00c9quipe du S\u00e9n\u00e9gal de football en vue de la Coupe du monde de football 2026. Les Lions doivent affronter les \u00c9quipe des \u00c9tats-Unis de football le 31 mai prochain \u00e0 Charlotte, avant de jouer contre l\u2019\u00c9quipe d\u2019Arabie saoudite de football le 9 juin \u00e0 San Antonio.<\/p>\n","protected":false},"excerpt":{"rendered":"Les avocats de la F\u00e9d\u00e9ration s\u00e9n\u00e9galaise de football attendaient jusque-l\u00e0 la motivation de la d\u00e9cision rendue par le&hellip;\n","protected":false},"author":2,"featured_media":45612,"comment_status":"","ping_status":"","sticky":false,"template":"","format":"standard","meta":{"footnotes":"","_share_on_mastodon":"0"},"categories":[84],"tags":[18479,308,11,114,11307,2608,115],"class_list":["post-68024","post","type-post","status-publish","format-standard","has-post-thumbnail","category-senegal","tag-abdoulaye-fall","tag-football","tag-senegal","tag-senegal-actualites","tag-senegal-vs-maroc","tag-senenews-sport","tag-societe"],"share_on_mastodon":{"url":"https:\/\/pubeurope.com\/@afrique\/116360526112180997","error":""},"_links":{"self":[{"href":"https:\/\/www.europesays.com\/afrique\/wp-json\/wp\/v2\/posts\/68024","targetHints":{"allow":["GET"]}}],"collection":[{"href":"https:\/\/www.europesays.com\/afrique\/wp-json\/wp\/v2\/posts"}],"about":[{"href":"https:\/\/www.europesays.com\/afrique\/wp-json\/wp\/v2\/types\/post"}],"author":[{"embeddable":true,"href":"https:\/\/www.europesays.com\/afrique\/wp-json\/wp\/v2\/users\/2"}],"replies":[{"embeddable":true,"href":"https:\/\/www.europesays.com\/afrique\/wp-json\/wp\/v2\/comments?post=68024"}],"version-history":[{"count":0,"href":"https:\/\/www.europesays.com\/afrique\/wp-json\/wp\/v2\/posts\/68024\/revisions"}],"wp:featuredmedia":[{"embeddable":true,"href":"https:\/\/www.europesays.com\/afrique\/wp-json\/wp\/v2\/media\/45612"}],"wp:attachment":[{"href":"https:\/\/www.europesays.com\/afrique\/wp-json\/wp\/v2\/media?parent=68024"}],"wp:term":[{"taxonomy":"category","embeddable":true,"href":"https:\/\/www.europesays.com\/afrique\/wp-json\/wp\/v2\/categories?post=68024"},{"taxonomy":"post_tag","embeddable":true,"href":"https:\/\/www.europesays.com\/afrique\/wp-json\/wp\/v2\/tags?post=68024"}],"curies":[{"name":"wp","href":"https:\/\/api.w.org\/{rel}","templated":true}]}}