{"id":68518,"date":"2026-04-07T11:51:08","date_gmt":"2026-04-07T11:51:08","guid":{"rendered":"https:\/\/www.europesays.com\/afrique\/68518\/"},"modified":"2026-04-07T11:51:08","modified_gmt":"2026-04-07T11:51:08","slug":"le-senegal-accuse-dabandon-definitif","status":"publish","type":"post","link":"https:\/\/www.europesays.com\/afrique\/68518\/","title":{"rendered":"Le S\u00e9n\u00e9gal accus\u00e9 \u00ab d\u2019abandon d\u00e9finitif \u00bb"},"content":{"rendered":"<p>                <img width=\"640\" height=\"480\" src=\"https:\/\/www.europesays.com\/afrique\/wp-content\/uploads\/2026\/04\/finale-can-2025-senegal-maroc.jpeg\" class=\"attachment-large size-large wp-post-image\" alt=\"La finale de la CAN 2025 connait un nouveau rebondissement\" decoding=\"async\" fetchpriority=\"high\"  \/>            <\/p>\n<p>Le dossier de la finale de la CAN 2025 continue de faire couler beaucoup d\u2019encre. Ce mardi, on en sait un peu plus sur les motivations du jury d\u2019appel de la CAF. Selon un document de France 24, la f\u00e9d\u00e9ration s\u00e9n\u00e9galaise a enfin obtenu le document de l\u2019instance juridictionnelle de la CAF.<\/p>\n<p>Le S\u00e9n\u00e9gal peut enfin pr\u00e9parer sa plaidoirie devant le tribunal arbitral du sport. La f\u00e9d\u00e9ration s\u00e9n\u00e9galaise conna\u00eet mieux les raisons de la d\u00e9cision du 17 mars 2026, d\u00e9clarant le Maroc vainqueur de la CAN 2025 sur tapis vert. Selon France 24, le jury d\u2019appel s\u2019est bas\u00e9 essentiellement sur deux rapports. D\u2019abord, celui de l\u2019arbitre qui \u00e9voque une \u00ab\u00a0interruption de douze minutes du match\u00a0\u00bb puis celui du coordonnateur du match. Ce dernier a indiqu\u00e9, pr\u00e9cise nos confr\u00e8res, un \u00ab\u00a0abandon d\u00e9finitif du match par le S\u00e9n\u00e9gal\u00a0\u00bb.<\/p>\n<p>La f\u00e9d\u00e9ration s\u00e9n\u00e9galaise pourrait construire sa d\u00e9fense autour de son retour sur la pelouse et la reprise jusqu\u2019\u00e0 terme de la rencontre. L\u2019article 5 de l\u2019IFAB pourrait \u00eatre un \u00e9l\u00e9ment favorable. Puisque selon l\u2019instance qui r\u00e8glemente les lois du jeu, \u00ab\u00a0les d\u00e9cisions de l\u2019arbitre priment sur les autres d\u00e9cisions\u00a0\u00bb.<\/p>\n<p dir=\"ltr\" lang=\"fr\">La f\u00e9d\u00e9ration s\u00e9n\u00e9galaise de football a re\u00e7u les motivations du jury d\u2019appel de la CAF qui lui a retir\u00e9 le titre de champion d\u2019Afrique.<\/p>\n<p>Cette d\u00e9cision compl\u00e8te va permettre au <a href=\"https:\/\/twitter.com\/hashtag\/S%C3%A9n%C3%A9gal?src=hash&amp;ref_src=twsrc%5Etfw\" rel=\"nofollow noopener\" target=\"_blank\">#S\u00e9n\u00e9gal<\/a> de pr\u00e9parer sa plaidoirie devant le tribunal arbitral du sport, nous explique <a href=\"https:\/\/twitter.com\/NdaoEli?ref_src=twsrc%5Etfw\" rel=\"nofollow noopener\" target=\"_blank\">@NdaoEli<\/a> \u2935\ufe0f <a href=\"https:\/\/t.co\/KIODV5sc5d\" rel=\"nofollow\">pic.twitter.com\/KIODV5sc5d<\/a><\/p>\n<p>\u2014 FRANCE 24 Afrique (@France24Afrique) <a href=\"https:\/\/twitter.com\/France24Afrique\/status\/2041445529477894643?ref_src=twsrc%5Etfw\" rel=\"nofollow noopener\" target=\"_blank\">April 7, 2026<\/a><\/p>\n<p>    <script async src=\"https:\/\/platform.twitter.com\/widgets.js\" charset=\"utf-8\"><\/script><\/p>\n","protected":false},"excerpt":{"rendered":"Le dossier de la finale de la CAN 2025 continue de faire couler beaucoup d\u2019encre. Ce mardi, on&hellip;\n","protected":false},"author":2,"featured_media":68519,"comment_status":"","ping_status":"","sticky":false,"template":"","format":"standard","meta":{"footnotes":"","_share_on_mastodon":"0"},"categories":[4],"tags":[6,446,1176,20628,23168,86,25867,11,11813],"class_list":["post-68518","post","type-post","status-publish","format-standard","has-post-thumbnail","category-afrique","tag-afrique","tag-caf","tag-can-2025","tag-finale-can-2025","tag-jury-dappel","tag-maroc","tag-motivations-decisions","tag-senegal","tag-tas"],"share_on_mastodon":{"url":"https:\/\/pubeurope.com\/@afrique\/116363282589841445","error":""},"_links":{"self":[{"href":"https:\/\/www.europesays.com\/afrique\/wp-json\/wp\/v2\/posts\/68518","targetHints":{"allow":["GET"]}}],"collection":[{"href":"https:\/\/www.europesays.com\/afrique\/wp-json\/wp\/v2\/posts"}],"about":[{"href":"https:\/\/www.europesays.com\/afrique\/wp-json\/wp\/v2\/types\/post"}],"author":[{"embeddable":true,"href":"https:\/\/www.europesays.com\/afrique\/wp-json\/wp\/v2\/users\/2"}],"replies":[{"embeddable":true,"href":"https:\/\/www.europesays.com\/afrique\/wp-json\/wp\/v2\/comments?post=68518"}],"version-history":[{"count":0,"href":"https:\/\/www.europesays.com\/afrique\/wp-json\/wp\/v2\/posts\/68518\/revisions"}],"wp:featuredmedia":[{"embeddable":true,"href":"https:\/\/www.europesays.com\/afrique\/wp-json\/wp\/v2\/media\/68519"}],"wp:attachment":[{"href":"https:\/\/www.europesays.com\/afrique\/wp-json\/wp\/v2\/media?parent=68518"}],"wp:term":[{"taxonomy":"category","embeddable":true,"href":"https:\/\/www.europesays.com\/afrique\/wp-json\/wp\/v2\/categories?post=68518"},{"taxonomy":"post_tag","embeddable":true,"href":"https:\/\/www.europesays.com\/afrique\/wp-json\/wp\/v2\/tags?post=68518"}],"curies":[{"name":"wp","href":"https:\/\/api.w.org\/{rel}","templated":true}]}}