{"id":69183,"date":"2026-04-08T00:03:08","date_gmt":"2026-04-08T00:03:08","guid":{"rendered":"https:\/\/www.europesays.com\/afrique\/69183\/"},"modified":"2026-04-08T00:03:08","modified_gmt":"2026-04-08T00:03:08","slug":"dekimeche-livre-un-constat-severe-sur-les-gardiens-en-algerie","status":"publish","type":"post","link":"https:\/\/www.europesays.com\/afrique\/69183\/","title":{"rendered":"Dekim\u00e8che livre un constat s\u00e9v\u00e8re sur les gardiens en Alg\u00e9rie"},"content":{"rendered":"<p style=\"text-align: justify;\">Apr\u00e8s l\u2019annonce \u2013 brusque et dans la foul\u00e9e de la CAN 2025 \u2013 de retraite internationale d\u2019Oussama Benbot (USM Alger), constamment appel\u00e9 en \u00e9quipe nationale m\u00eame s\u2019il ne jouait pas vraiment, il n\u2019y avait pas de gardien local dans la derni\u00e8re liste de Vladimir Petkovic en mars. D\u2019ailleurs, le s\u00e9lectionneur de l\u2019Alg\u00e9rie a m\u00eame pr\u00e9f\u00e9r\u00e9 convoquer des derniers remparts du second et troisi\u00e8me, voire m\u00eame 5e, niveau plut\u00f4t que de faire appel \u00e0 un keeper de l\u2019\u00e9lite alg\u00e9rienne. Un choix que Khaled Dekim\u00e8che, ancien portier international, comprend.<\/p>\n<p style=\"text-align: justify;\">Avant tout, on notera que le nom de Gaya Merbah (31\/JS Kabylie), qu\u2019il a d\u00e9j\u00e0 entra\u00een\u00e9 au CR Belouizdad, figurait dans la liste \u00e9largie. Cependant, celui qui revient tr\u00e8s fort apr\u00e8s une s\u00e9rieuse blessure ne se trouvait finalement pas dans le \u201csquad\u201d final de mars. L\u2019absence de keepers du championnat a nourri les d\u00e9bats derni\u00e8rement. Certains trouvaient m\u00eame scandaleux que le football local ne puisse pas fournir un gardien potable pour l\u2019\u00e9quipe nationale.<\/p>\n<p style=\"text-align: justify;\">Ainsi, Khaled Dekim\u00e8che, invit\u00e9 de l\u2019\u00e9mission Ballon Week du m\u00e9dia sportif alg\u00e9rien Dz Match et qui conna\u00eet bien le poste et ses exigences, a \u00e9voqu\u00e9 cette p\u00e9nurie. \u201cJe pense que cette situation r\u00e9sulte de la long\u00e9vit\u00e9 de Ra\u00efs M\u2019Bolhi rest\u00e9 pratiquement 14 ans en poste. C\u2019\u00e9tait l\u2019arbre qui cachait la for\u00eat. Les observateurs ne se sont jamais pench\u00e9s sur la p\u00e9nurie des gardiens et leur niveau dans notre championnat\u201d, estime-t-il.<\/p>\n<p>\u201cAucun gardien de notre championnat ne peut jouer en D3 fran\u00e7aise\u201d<\/p>\n<p style=\"text-align: justify;\">Selon lui, \u201cle probl\u00e8me n\u2019est pas les gardiens eux-m\u00eames. Il s\u2019agit plus de l\u2019absence de formation de base. A partir de l\u00e0, il est difficile de percer dans le haut niveau et sur le plan international. Il y a des choses, notamment sur le plan technique, que seul un sp\u00e9cialiste peut d\u00e9celer. Nos gardiens sont tr\u00e8s limit\u00e9s sur ce plan et celui tactique.\u201d<\/p>\n<p style=\"text-align: justify;\">Quant au fait de confier les gants de titulaire \u00e0 Luca Zidane de la part de Petkovic, cela reste recevable pour Dekimeche. \u201cAujourd\u2019hui, certains parlent de Luca Zidane mais je peux te dire qu\u2019il n\u2019y a aucun gardien de notre championnat qui pourrait jouer ne serait-ce qu\u2019en troisi\u00e8me division du championnat de France\u201d,\u00a0juge l\u2019ancien entra\u00eeneur des gardiens au CR Belouizdad. Ce constat semble s\u00e9v\u00e8re et risque de ne pas faire l\u2019unanimit\u00e9.<\/p>\n","protected":false},"excerpt":{"rendered":"Apr\u00e8s l\u2019annonce \u2013 brusque et dans la foul\u00e9e de la CAN 2025 \u2013 de retraite internationale d\u2019Oussama Benbot&hellip;\n","protected":false},"author":2,"featured_media":69184,"comment_status":"","ping_status":"","sticky":false,"template":"","format":"standard","meta":{"footnotes":"","_share_on_mastodon":"0"},"categories":[85],"tags":[116,2815,1176,26113,20351,7847,1805,9328,1810],"class_list":["post-69183","post","type-post","status-publish","format-standard","has-post-thumbnail","category-algerie","tag-algerie","tag-algu00e9rie","tag-can-2025","tag-dekimeche","tag-gaya-merbah","tag-js-kabylie","tag-luca-zidane","tag-oussama-benbot","tag-vladimir-petkovic"],"share_on_mastodon":{"url":"https:\/\/pubeurope.com\/@afrique\/116366160935250606","error":""},"_links":{"self":[{"href":"https:\/\/www.europesays.com\/afrique\/wp-json\/wp\/v2\/posts\/69183","targetHints":{"allow":["GET"]}}],"collection":[{"href":"https:\/\/www.europesays.com\/afrique\/wp-json\/wp\/v2\/posts"}],"about":[{"href":"https:\/\/www.europesays.com\/afrique\/wp-json\/wp\/v2\/types\/post"}],"author":[{"embeddable":true,"href":"https:\/\/www.europesays.com\/afrique\/wp-json\/wp\/v2\/users\/2"}],"replies":[{"embeddable":true,"href":"https:\/\/www.europesays.com\/afrique\/wp-json\/wp\/v2\/comments?post=69183"}],"version-history":[{"count":0,"href":"https:\/\/www.europesays.com\/afrique\/wp-json\/wp\/v2\/posts\/69183\/revisions"}],"wp:featuredmedia":[{"embeddable":true,"href":"https:\/\/www.europesays.com\/afrique\/wp-json\/wp\/v2\/media\/69184"}],"wp:attachment":[{"href":"https:\/\/www.europesays.com\/afrique\/wp-json\/wp\/v2\/media?parent=69183"}],"wp:term":[{"taxonomy":"category","embeddable":true,"href":"https:\/\/www.europesays.com\/afrique\/wp-json\/wp\/v2\/categories?post=69183"},{"taxonomy":"post_tag","embeddable":true,"href":"https:\/\/www.europesays.com\/afrique\/wp-json\/wp\/v2\/tags?post=69183"}],"curies":[{"name":"wp","href":"https:\/\/api.w.org\/{rel}","templated":true}]}}