{"id":69818,"date":"2026-04-08T14:02:08","date_gmt":"2026-04-08T14:02:08","guid":{"rendered":"https:\/\/www.europesays.com\/afrique\/69818\/"},"modified":"2026-04-08T14:02:08","modified_gmt":"2026-04-08T14:02:08","slug":"%d9%81ideo-visite-sous-tension-motsepe-arrive-au-senegal-22-jours-apres-la-decision-controversee","status":"publish","type":"post","link":"https:\/\/www.europesays.com\/afrique\/69818\/","title":{"rendered":"\u0641id\u00e9o : visite sous tension\u2026 Motsepe arrive au S\u00e9n\u00e9gal 22 jours apr\u00e8s la d\u00e9cision controvers\u00e9e"},"content":{"rendered":"<p>Le Sud-Africain Patrice Motsepe, pr\u00e9sident de la Conf\u00e9d\u00e9ration africaine de football (CAF), est arriv\u00e9 aujourd\u2019hui mercredi au S\u00e9n\u00e9gal, pour une visite officielle, 22 jours apr\u00e8s la d\u00e9cision historique d\u2019annuler la victoire des Lions de l\u2019Atlas en finale de la CAN 2025 et de d\u00e9clarer le Maroc vainqueur.<\/p>\n<p>Le 17 mars dernier, la Commission d\u2019appel de la CAF a annonc\u00e9 une d\u00e9cision sans pr\u00e9c\u00e9dent, d\u00e9clarant le Maroc vainqueur de la finale, disput\u00e9e le 18 janvier, sur le score de 3-0, malgr\u00e9 la d\u00e9faite sur le terrain 0-1, au motif du retrait des joueurs des Lions de la Teranga de la pelouse.<\/p>\n<p>La d\u00e9cision de la CAF a suscit\u00e9 de vives r\u00e9actions au S\u00e9n\u00e9gal, o\u00f9 le gouvernement a demand\u00e9, dans un communiqu\u00e9 publi\u00e9 le 18 mars, l\u2019ouverture d\u2019une enqu\u00eate internationale sur des \u00ab soup\u00e7ons de corruption au sein des organes dirigeants \u00bb de la Conf\u00e9d\u00e9ration africaine.<\/p>\n<p>La F\u00e9d\u00e9ration s\u00e9n\u00e9galaise de football n\u2019a pas d\u00e9sarm\u00e9 et a annonc\u00e9 le d\u00e9p\u00f4t d\u2019un recours aupr\u00e8s du Tribunal arbitral du sport (TAS).<\/p>\n<p>Lire aussi :<\/p>\n<p>CAN U17.. Le Maroc et l\u2019\u00c9gypte dans le m\u00eame groupe<\/p>\n<p>Un avis arbitr al choque Arbeloa.. Le d\u00e9fenseur du Bayern m\u00e9ritait-il un carton rouge apr\u00e8s l\u2019action de Mbapp\u00e9 ?<\/p>\n<p>5 raisons.. Pourquoi le Bayern a remport\u00e9 la premi\u00e8re manche du sommet europ\u00e9en contre le Real ?<\/p>\n<p>Sixi\u00e8me choc.. Arbeloa \u00e9gale les catastrophes d\u2019Alonso t\u00f4t<\/p>\n<p>Vid\u00e9o : protestations madril\u00e8nes.. L\u2019arbitre a-t-il ignor\u00e9 une main sur le but du Bayern ?<\/p>\n<p>Entretien avec le pr\u00e9sident s\u00e9n\u00e9galais<\/p>\n<p>Comme Motsepe l\u2019avait d\u00e9clar\u00e9 lors d\u2019une pr\u00e9c\u00e9dente conf\u00e9rence de presse au Caire, en marge de la r\u00e9union du Comit\u00e9 ex\u00e9cutif de la CAF, le responsable sud-africain a visit\u00e9 aujourd\u2019hui le S\u00e9n\u00e9gal, dans une tentative d\u2019apaiser le climat enflamm\u00e9 sur place.<\/p>\n<p>Motsepe est arriv\u00e9 t\u00f4t ce matin \u00e0 l\u2019a\u00e9roport international Blaise Diagne, pr\u00e8s de Dakar, o\u00f9 il a \u00e9t\u00e9 accueilli par le pr\u00e9sident de la F\u00e9d\u00e9ration s\u00e9n\u00e9galaise de football, Abdallah Faye.<\/p>\n<p>Selon un communiqu\u00e9 de la CAF, le pr\u00e9sident de l\u2019instance africaine entame sa visite par une tourn\u00e9e de l\u2019\u00eele de Gor\u00e9e, \u00e0 la forte charge symbolique li\u00e9e \u00e0 la traite n\u00e9gri\u00e8re, avant de rencontrer le pr\u00e9sident s\u00e9n\u00e9galais Bassirou Diomaye Faye au palais pr\u00e9sidentiel. Il tiendra ensuite une conf\u00e9rence de presse dans l\u2019un des h\u00f4tels de Dakar en soir\u00e9e.<\/p>\n","protected":false},"excerpt":{"rendered":"Le Sud-Africain Patrice Motsepe, pr\u00e9sident de la Conf\u00e9d\u00e9ration africaine de football (CAF), est arriv\u00e9 aujourd\u2019hui mercredi au S\u00e9n\u00e9gal,&hellip;\n","protected":false},"author":2,"featured_media":69819,"comment_status":"","ping_status":"","sticky":false,"template":"","format":"standard","meta":{"footnotes":"","_share_on_mastodon":"0"},"categories":[84],"tags":[450,86,451,11,11307,11308],"class_list":["post-69818","post","type-post","status-publish","format-standard","has-post-thumbnail","category-senegal","tag-africa-cup-of-nations","tag-maroc","tag-morocco","tag-senegal","tag-senegal-vs-maroc","tag-senegal-vs-morocco"],"share_on_mastodon":{"url":"https:\/\/pubeurope.com\/@afrique\/116369460023397676","error":""},"_links":{"self":[{"href":"https:\/\/www.europesays.com\/afrique\/wp-json\/wp\/v2\/posts\/69818","targetHints":{"allow":["GET"]}}],"collection":[{"href":"https:\/\/www.europesays.com\/afrique\/wp-json\/wp\/v2\/posts"}],"about":[{"href":"https:\/\/www.europesays.com\/afrique\/wp-json\/wp\/v2\/types\/post"}],"author":[{"embeddable":true,"href":"https:\/\/www.europesays.com\/afrique\/wp-json\/wp\/v2\/users\/2"}],"replies":[{"embeddable":true,"href":"https:\/\/www.europesays.com\/afrique\/wp-json\/wp\/v2\/comments?post=69818"}],"version-history":[{"count":0,"href":"https:\/\/www.europesays.com\/afrique\/wp-json\/wp\/v2\/posts\/69818\/revisions"}],"wp:featuredmedia":[{"embeddable":true,"href":"https:\/\/www.europesays.com\/afrique\/wp-json\/wp\/v2\/media\/69819"}],"wp:attachment":[{"href":"https:\/\/www.europesays.com\/afrique\/wp-json\/wp\/v2\/media?parent=69818"}],"wp:term":[{"taxonomy":"category","embeddable":true,"href":"https:\/\/www.europesays.com\/afrique\/wp-json\/wp\/v2\/categories?post=69818"},{"taxonomy":"post_tag","embeddable":true,"href":"https:\/\/www.europesays.com\/afrique\/wp-json\/wp\/v2\/tags?post=69818"}],"curies":[{"name":"wp","href":"https:\/\/api.w.org\/{rel}","templated":true}]}}