{"id":70337,"date":"2026-04-08T22:53:18","date_gmt":"2026-04-08T22:53:18","guid":{"rendered":"https:\/\/www.europesays.com\/afrique\/70337\/"},"modified":"2026-04-08T22:53:18","modified_gmt":"2026-04-08T22:53:18","slug":"vice-president-de-la-cour-dappel-de-kairouan-je-suis-contre-le-sacre-du-maroc-et-voici-ma-prevision-concernant-la-decision-du-tas-2","status":"publish","type":"post","link":"https:\/\/www.europesays.com\/afrique\/70337\/","title":{"rendered":"Vice-pr\u00e9sident de la Cour d\u2019appel de Kairouan : je suis contre le sacre du Maroc\u2026 et voici ma pr\u00e9vision concernant la d\u00e9cision du TAS"},"content":{"rendered":"<p>Le vice-pr\u00e9sident de la Commission d\u2019appel de la Conf\u00e9d\u00e9ration africaine de football (CAF), Faustino Varela Monteiro, a rompu le silence et a annonc\u00e9 son opposition \u00e0 la d\u00e9cision controvers\u00e9e rendue par la commission de transf\u00e9rer le titre de la Coupe d\u2019Afrique des Nations 2025 du S\u00e9n\u00e9gal au Maroc.<\/p>\n<p>Bien que la s\u00e9lection s\u00e9n\u00e9galaise se soit impos\u00e9e sur le terrain sur le score de 1-0 lors de la finale disput\u00e9e le 18 janvier dernier \u00e0 Rabat, la Commission d\u2019appel a rendu, le 17 mars dernier, une d\u00e9cision consid\u00e9rant le Maroc vainqueur 3-0.<\/p>\n<p>La d\u00e9cision de la Commission d\u2019appel est intervenue apr\u00e8s que la F\u00e9d\u00e9ration marocaine de football a d\u00e9pos\u00e9 un recours contre la victoire du S\u00e9n\u00e9gal, en raison du retrait temporaire des joueurs des Lions de la Teranga du terrain, en s\u2019appuyant sur les articles 82 et 84 du r\u00e8glement de la comp\u00e9tition.<\/p>\n<p>De son c\u00f4t\u00e9, la F\u00e9d\u00e9ration s\u00e9n\u00e9galaise a saisi le Tribunal arbitral du sport (TAS) d\u2019un recours contre cette d\u00e9cision, et le verdict final est attendu dans les prochains mois.<\/p>\n<p>\u00c0 lire aussi :<\/p>\n<p>Vid\u00e9o : visite sous tension\u2026 Motsepe arrive au S\u00e9n\u00e9gal 22 jours apr\u00e8s la d\u00e9cision controvers\u00e9e<\/p>\n<p>Nouveau scandale\u2026 l\u2019arbitre de la finale de la CAN a-t-il re\u00e7u des \u00ab ordres venus d\u2019en haut \u00bb apr\u00e8s le retrait du S\u00e9n\u00e9gal ?<\/p>\n<p>Un nouveau rapport sur l\u2019affaire a r\u00e9v\u00e9l\u00e9 que le vice-pr\u00e9sident de la Commission d\u2019appel a vot\u00e9 contre le transfert du titre.<\/p>\n<p>Selon la plateforme Sport News Africa, le document expliquant les motifs de la d\u00e9cision a montr\u00e9 que le responsable capverdien \u00e9tait la seule voix dissidente, contre trois voix ayant approuv\u00e9 l\u2019annulation de la victoire du S\u00e9n\u00e9gal sur le terrain.<\/p>\n<p>Faustino Monteiro a d\u00e9clar\u00e9 au journal s\u00e9n\u00e9galais \u00ab L\u2019Observateur \u00bb : \u00ab Je suis contre la d\u00e9cision de retirer le titre au S\u00e9n\u00e9gal et de sacrer le Maroc. \u00bb<\/p>\n<p>Monteiro estime que, m\u00eame en cas d\u2019infraction potentielle aux r\u00e8glements de la CAF, en particulier aux articles 82 et 84, cela n\u2019a pas emp\u00each\u00e9 le match d\u2019aller \u00e0 son terme ; par cons\u00e9quent, la victoire du S\u00e9n\u00e9gal doit rester valable et ne peut \u00eatre modifi\u00e9e.<\/p>\n<p>Il a ajout\u00e9 : \u00ab Les faits contenus dans les rapports des officiels du match sont consid\u00e9r\u00e9s comme vrais et exacts jusqu\u2019\u00e0 preuve du contraire. En cas de divergence, le rapport de l\u2019arbitre demeure la r\u00e9f\u00e9rence supr\u00eame sur le terrain. \u00bb<\/p>\n<p><img class=\"fco-image__image\" alt=\"\u0635\u062d\u064a\u0641\u0629 \"   loading=\"lazy\" decoding=\"async\" fetchpriority=\"auto\" width=\"525\" height=\"474\" src=\"https:\/\/www.europesays.com\/afrique\/wp-content\/uploads\/2026\/04\/1775688798_470_XcfbTWidIPQVuEeiaXG2qNVn6DA0Pbxx1zKvB11d.jpg\" style=\"aspect-ratio:525 \/ 474;width:100%;height:100%\"\/><\/p>\n<p>Montero ne s\u2019est pas arr\u00eat\u00e9 l\u00e0, affirmant que la probabilit\u00e9 d\u2019une intervention du Tribunal arbitral du sport (TAS) pour r\u00e9\u00e9valuer les faits du match para\u00eet extr\u00eamement faible, ce qui pourrait signifier une d\u00e9cision en faveur du S\u00e9n\u00e9gal.<\/p>\n<p>Il a expliqu\u00e9 : \u00ab Le TAS ne r\u00e9examinera pas une d\u00e9cision prise sur le terrain, \u00e0 moins qu\u2019il n\u2019existe des preuves d\u2019arbitraire ou de mauvaise foi, m\u00eame si la d\u00e9cision semble erron\u00e9e lorsqu\u2019elle est revue ult\u00e9rieurement. \u00bb<\/p>\n<p>Lire aussi :<\/p>\n<p>Pape Gueye : Les Alg\u00e9riens m\u2019ont inond\u00e9 de messages de remerciement apr\u00e8s mon but au Maroc<\/p>\n<p>Exclusif Kooora.. Le S\u00e9n\u00e9gal sera-t-il sanctionn\u00e9 pour avoir c\u00e9l\u00e9br\u00e9 la Coupe d\u2019Afrique avant la d\u00e9cision du \u00ab TAS \u00bb ?<\/p>\n","protected":false},"excerpt":{"rendered":"Le vice-pr\u00e9sident de la Commission d\u2019appel de la Conf\u00e9d\u00e9ration africaine de football (CAF), Faustino Varela Monteiro, a rompu&hellip;\n","protected":false},"author":2,"featured_media":70276,"comment_status":"","ping_status":"","sticky":false,"template":"","format":"standard","meta":{"footnotes":"","_share_on_mastodon":"0"},"categories":[83],"tags":[450,86,451,11,11307,11308],"class_list":["post-70337","post","type-post","status-publish","format-standard","has-post-thumbnail","category-maroc","tag-africa-cup-of-nations","tag-maroc","tag-morocco","tag-senegal","tag-senegal-vs-maroc","tag-senegal-vs-morocco"],"share_on_mastodon":{"url":"https:\/\/pubeurope.com\/@afrique\/116371547993203422","error":""},"_links":{"self":[{"href":"https:\/\/www.europesays.com\/afrique\/wp-json\/wp\/v2\/posts\/70337","targetHints":{"allow":["GET"]}}],"collection":[{"href":"https:\/\/www.europesays.com\/afrique\/wp-json\/wp\/v2\/posts"}],"about":[{"href":"https:\/\/www.europesays.com\/afrique\/wp-json\/wp\/v2\/types\/post"}],"author":[{"embeddable":true,"href":"https:\/\/www.europesays.com\/afrique\/wp-json\/wp\/v2\/users\/2"}],"replies":[{"embeddable":true,"href":"https:\/\/www.europesays.com\/afrique\/wp-json\/wp\/v2\/comments?post=70337"}],"version-history":[{"count":0,"href":"https:\/\/www.europesays.com\/afrique\/wp-json\/wp\/v2\/posts\/70337\/revisions"}],"wp:featuredmedia":[{"embeddable":true,"href":"https:\/\/www.europesays.com\/afrique\/wp-json\/wp\/v2\/media\/70276"}],"wp:attachment":[{"href":"https:\/\/www.europesays.com\/afrique\/wp-json\/wp\/v2\/media?parent=70337"}],"wp:term":[{"taxonomy":"category","embeddable":true,"href":"https:\/\/www.europesays.com\/afrique\/wp-json\/wp\/v2\/categories?post=70337"},{"taxonomy":"post_tag","embeddable":true,"href":"https:\/\/www.europesays.com\/afrique\/wp-json\/wp\/v2\/tags?post=70337"}],"curies":[{"name":"wp","href":"https:\/\/api.w.org\/{rel}","templated":true}]}}