{"id":70406,"date":"2026-04-09T00:32:41","date_gmt":"2026-04-09T00:32:41","guid":{"rendered":"https:\/\/www.europesays.com\/afrique\/70406\/"},"modified":"2026-04-09T00:32:41","modified_gmt":"2026-04-09T00:32:41","slug":"le-president-de-la-caf-patrice-motsepe-en-visite-officielle-a-dakar-apres-le-retrait-du-titre-de-vainqueur-de-la-can-2025-au-senegal-lequipe","status":"publish","type":"post","link":"https:\/\/www.europesays.com\/afrique\/70406\/","title":{"rendered":"Le pr\u00e9sident de la CAF, Patrice Motsepe, en visite officielle \u00e0 Dakar apr\u00e8s le retrait du titre de vainqueur de la CAN 2025 au S\u00e9n\u00e9gal &#8211; L&#039;\u00c9quipe"},"content":{"rendered":"<p><a href=\"https:\/\/news.google.com\/rss\/articles\/CBMikAJBVV95cUxOSU5sMFJjdXc1OHFLdFUteGIzUDF5UDNSV3Vya2psTkp4Rm5uRnRVdVJwYlBxbWRTTGtjdEtfTjl2N0x3NDl4UUZRUlZUV0paVXphR0ZJWU1FVThoYnJLaF9PVFZLU2NqZkdhTkhoZFhBMmpGMXBnbFgxVHhiUnF5VmVxYVNoZVNNdmRyaksxYldyZ0RkWTlsY3RfbVZscDZxVEQzLXBjWmp4NjBwaGs3RVBETThOa1Y5Z2tON2txWjg4S2tyWUxHQmFMaDFPSm9qTFlvLTQzb3JXX0dZelphOVBJblR6LWhidUxjck5UNG1CVjdLQVBudVI3TDR5TmhaNWEzZmtmdE9FY3kyYTQxYQ?oc=5\" target=\"_blank\" rel=\"nofollow noopener\">Le pr\u00e9sident de la CAF, Patrice Motsepe, en visite officielle \u00e0 Dakar apr\u00e8s le retrait du titre de vainqueur de la CAN 2025 au S\u00e9n\u00e9gal<\/a>&nbsp;&nbsp;L&rsquo;\u00c9quipe<a href=\"https:\/\/news.google.com\/rss\/articles\/CBMinAJBVV95cUxOd3ZSeUF1MHJWaE1aby1YSTRWc3ZCTlltdUEzSEp0NjJMdk9TRk9ic0pzSEFVSG9lOW1DVUtfeE9qdVdhd25YTDdhS3dCb09WRTlHRkJ6d09hOEROZnNxZFlTTXNhWm5SWVU5d2VKN3Z5RzhscEtLRzVxV0RCaXVaNTQzbnVhc0pEZHRjc19sN1I0MklSZFdvcEVHT2VuTGRkVFFYWUE5bHhWMm1SRGZMLUYtOTdKNVM0clZSTEtTTE9nZHBrRTI0YjZuSUxUSUhJRFVrYlFyWEhGRmJlUGZST25TVHQ3cEZpcWhkbWhyd2ZNWEtLcTBNQmp0dFRuVzF4N3R0R3I0RXR6RE1JN0p2SHZYeS1aVFdyX1BIUQ?oc=5\" target=\"_blank\" rel=\"nofollow noopener\">CAN 2025: pr\u00e8s d&rsquo;un mois apr\u00e8s le retrait de la victoire au S\u00e9n\u00e9gal, le pr\u00e9sident de la CAF en visite \u00e0 Dakar<\/a>&nbsp;&nbsp;RMC Sport<a href=\"https:\/\/news.google.com\/rss\/articles\/CBMi2wFBVV95cUxPOElkaG4yemZCNXFVMmF0ZExkQURralRjTGNWSjdrNVA0alVIaWJzM0hMLXlJSl9yVXBnaHREOTNIajVqQl9XR0MtUHFWV2dEZXJKVlVMZDFlWDBoSmp1SVdtRU1jemNFRjVfM2VKMGFqSG5pV25zeC1La29QZ2VEUS03MHBjLWVSaFRPeUtpd2k3TkhaQVg1UEI1aHRXSEdsSHZwU2t4RUhJbFlJTGJaV29xQWgtenBwVWdvbndnbWNHVkF3WTdLQnZXUm5YNktxQ3hQNjI2VFpQZGc?oc=5\" target=\"_blank\" rel=\"nofollow noopener\">\u00c0 Dakar, le pr\u00e9sident de la CAF promet un football africain d\u00e9barrass\u00e9 de tous ses \u00ab\u00a0probl\u00e8mes\u00a0\u00bb<\/a>&nbsp;&nbsp;France 24<a href=\"https:\/\/news.google.com\/rss\/articles\/CBMimgFBVV95cUxNcVptZ0RlZ1RpSkVvWjQtcHFadmRNUHBxd0ZkTk9EZUo3c092MzJxN0ZzRUFVM1lBdXg0VGtGMi11V2RUVGZpZ2UwWkpYVi1GSDllSzdGZlZ6VFYwd0ROQjVsaElWMDFwQnFDcEJHYW0tMF9obzBqWnlaTm9MbXI4djRibEZvejZQQXVyTllrbHRuNGk1M3dRdTBn?oc=5\" target=\"_blank\" rel=\"nofollow noopener\">S\u00e9n\u00e9gal-Maroc, nouveau coup de th\u00e9\u00e2tre \u00e0 la CAF !<\/a>&nbsp;&nbsp;Sports.fr<a href=\"https:\/\/news.google.com\/rss\/articles\/CBMi-gFBVV95cUxPVzVRQmNFY0hIUlNlODRmODVzSVZCR2FIdDNaYWtVaDVGYmhlckY2WTMyVFhtWmJYLTloV2h5N1JaWDJDVjhqazFYWkdjcHdXTkdKTzNLaEgzUlA3TFRZMTFrcHdOblZRV19qajNhR0hfSzZuRFRXbFVNVExvYTd1ajJfQXRvSHlvdjVwM3JZY0d1RjdrcFduTG5Ka0t3cThYWWxyVnA0OEp2RldZOGcyUWJudjJrWVdpeFQzZVZiZ0tHLVZNNmZUX3BpNXIzTEtlOS04WTRobmRaRTQzLUhZWXBmWGd2QUJRcERDRWlMemFNazJyb2FMbVJR?oc=5\" target=\"_blank\" rel=\"nofollow noopener\">\u00c0 SUIVRE EN DIRECT : Conf\u00e9rence de presse du Pr\u00e9sident de la CAF, Dr Patrice Motsepe, \u00e0 Dakar au S\u00e9n\u00e9gal, ce mercredi<\/a>&nbsp;&nbsp;Conf\u00e9d\u00e9ration Africaine de Football<a href=\"https:\/\/news.google.com\/rss\/articles\/CBMi3AFBVV95cUxNV0o1cFdMT2lWTzlaRi1qMTVtWjh2LTd2cVBOU1BOWGo2RkQ2Q09La0lVNHR4b3pYdFVvU0NuVm9jM3hfNkJqaER4NS15UkdlMFN6MlotdUM1dE9nbkdhZ08tQzA2VzM3MjcwTDVJdFJuRXlWQllid3pCU1pzY0JUTmVqM29LdllZc2tvTDV5eU5NUkpNWFpjZ1lVamxYbW5CWkFHTXVuWXZXUTZNaXJSd0xBUUVFLUtGalgwcG1Qby1IRmNtODZ0ZWVwTkJoVURNbWtjNl82VmM3UzV1?oc=5\" target=\"_blank\" rel=\"nofollow noopener\">Courageux (ou totalement zinzin), le pr\u00e9sident de la CAF en visite \u00e0 Dakar apr\u00e8s avoir retir\u00e9 le titre au S\u00e9n\u00e9gal<\/a>&nbsp;&nbsp;20 Minutes<a href=\"https:\/\/news.google.com\/rss\/articles\/CBMisAJBVV95cUxNZC13R05NXzRxVEIwa3ZNdUtPRzlaRUwyVXozTGtpR0lKQ1IzcmpnZm1LQTNtQzFsNXJLNjYxVnBaekxRemZnZE04STQwUFk0cEI2eUV2LWhiR3E2a2pMSV9MaG1TRGZaeU8wOENNUHdpaDJ2bjExNnZwS2h1b2JKcjdNcm1LWkNucnJid1NJYk9LWGIzX3kwZ0Z1cEVoX3pDbmJRMVBXLUdUM0NWTUhRbTdldjhqczVPd0p2eEYwMHAzbFV4RVlyaFNBbkNKVmFuVExRaEZnTTE0UmNhYmNaSFFrdEpzVjhEVEU1R2luTUN6VmVsTVpuSEZLMzZHdVhnWndUbEJ2ekZEakhaYmUyTzUtM2V6R0t0WTRyTHNfUk1GeUg2LWxGSnN4aE5rQWFR?oc=5\" target=\"_blank\" rel=\"nofollow noopener\">CAN 2025. Bloqu\u00e9 jusque-l\u00e0, le S\u00e9n\u00e9gal a re\u00e7u le document tant attendu pour faire appel aupr\u00e8s du TAS<\/a>&nbsp;&nbsp;Ouest-France<a href=\"https:\/\/news.google.com\/rss\/articles\/CBMiwwFBVV95cUxOblJuS01jVU9wcFNxYUZzWi1pZjh6VGxLUEpCbWw0OUd0LURFSDNYT0VWZ3JIUmN6MW9wWUNPTXROejFYdGcyU0l3OW1nc19RcjZEb1dvQk1KMUtoMXZzWGJ0R1dEQUdSaWZWUjlscVBVX1JxZExKTGJpUm5fTzVtTFVmNG43ZXJma1BPN3ZrQV9TWEF6QWRYNlF4NWc4YkFBVFlJTVo0aEszY2IxazM0MzVJdDlhT0dxZ2NGNE8yMGJKemM?oc=5\" target=\"_blank\" rel=\"nofollow noopener\">Maroc-S\u00e9n\u00e9gal : un membre du Jury d\u2019Appel proteste contre la d\u00e9cision de la CAF<\/a>&nbsp;&nbsp;Foot Mercato<a href=\"https:\/\/news.google.com\/rss\/articles\/CBMiygFBVV95cUxPUk84TEFDY0ZJOWxsYWhnWWd5NzBWYjB2aVAwQlB3X0RRVVNPU05Da3I2MTNLQWFCZm02VHVYV2N0UmMxeXBaT1I3MWRRMlhsUjBIcV9HYTBrdGpWSDhPM3J4RG1ZVE1VRFhnazhPeDdzZjVrMmdTRGVIV1JiV1poUk9RUk5FVnd4UzJvWktibS1rem94R0o3WTRZeGJEY1B4Y09GcEF0MjVYc29OYXdpaXdEVGFOZ0pOOXo4TzZYRERrT3JkdzJsZ3RB?oc=5\" target=\"_blank\" rel=\"nofollow noopener\">CAN 2025: en visite au S\u00e9n\u00e9gal, le pr\u00e9sident de la CAF veut jouer l&rsquo;apaisement<\/a>&nbsp;&nbsp;RFI<\/p>\n","protected":false},"excerpt":{"rendered":"Le pr\u00e9sident de la CAF, Patrice Motsepe, en visite officielle \u00e0 Dakar apr\u00e8s le retrait du titre de&hellip;\n","protected":false},"author":2,"featured_media":70407,"comment_status":"","ping_status":"","sticky":false,"template":"","format":"standard","meta":{"footnotes":"","_share_on_mastodon":"0"},"categories":[84],"tags":[26483,16124,780,308,19068,11],"class_list":["post-70406","post","type-post","status-publish","format-standard","has-post-thumbnail","category-senegal","tag-adrien-tisserand","tag-breves-et-depeches","tag-can","tag-football","tag-saison-2025","tag-senegal"],"share_on_mastodon":{"url":"https:\/\/pubeurope.com\/@afrique\/116371937265470115","error":""},"_links":{"self":[{"href":"https:\/\/www.europesays.com\/afrique\/wp-json\/wp\/v2\/posts\/70406","targetHints":{"allow":["GET"]}}],"collection":[{"href":"https:\/\/www.europesays.com\/afrique\/wp-json\/wp\/v2\/posts"}],"about":[{"href":"https:\/\/www.europesays.com\/afrique\/wp-json\/wp\/v2\/types\/post"}],"author":[{"embeddable":true,"href":"https:\/\/www.europesays.com\/afrique\/wp-json\/wp\/v2\/users\/2"}],"replies":[{"embeddable":true,"href":"https:\/\/www.europesays.com\/afrique\/wp-json\/wp\/v2\/comments?post=70406"}],"version-history":[{"count":0,"href":"https:\/\/www.europesays.com\/afrique\/wp-json\/wp\/v2\/posts\/70406\/revisions"}],"wp:featuredmedia":[{"embeddable":true,"href":"https:\/\/www.europesays.com\/afrique\/wp-json\/wp\/v2\/media\/70407"}],"wp:attachment":[{"href":"https:\/\/www.europesays.com\/afrique\/wp-json\/wp\/v2\/media?parent=70406"}],"wp:term":[{"taxonomy":"category","embeddable":true,"href":"https:\/\/www.europesays.com\/afrique\/wp-json\/wp\/v2\/categories?post=70406"},{"taxonomy":"post_tag","embeddable":true,"href":"https:\/\/www.europesays.com\/afrique\/wp-json\/wp\/v2\/tags?post=70406"}],"curies":[{"name":"wp","href":"https:\/\/api.w.org\/{rel}","templated":true}]}}