{"id":70877,"date":"2026-04-09T13:57:07","date_gmt":"2026-04-09T13:57:07","guid":{"rendered":"https:\/\/www.europesays.com\/afrique\/70877\/"},"modified":"2026-04-09T13:57:07","modified_gmt":"2026-04-09T13:57:07","slug":"des-attaques-terroristes-meurtrieres-le-jour-de-paques-au-nigeria","status":"publish","type":"post","link":"https:\/\/www.europesays.com\/afrique\/70877\/","title":{"rendered":"Des attaques terroristes meurtri\u00e8res le jour de P\u00e2ques au Nigeria"},"content":{"rendered":"<p>Dans l\u2019\u00e9tat de Kaduna dans le nord-ouest du Nigeria, plusieurs attaques djihadistes ont eu lieu lors des c\u00e9l\u00e9brations de P\u00e2ques le dimanche 5 avril dans des \u00e9glises, \u00e9vang\u00e9lique et catholique. Les terroristes, peuls, ont  tu\u00e9 douze chr\u00e9tiens et ont proc\u00e9d\u00e9 \u00e0 un rapt de masse, rapporte <a href=\"https:\/\/www.christiandaily.com\/news\/attacks-on-easter-worship-services-kill-eight-christians-in-nigeria?utm_source=dlvr.it&amp;utm_medium=twitter\" target=\"_blank\" rel=\"noreferrer noopener nofollow\">Christian Daily International<\/a> le 8 avril.<\/p>\n<p>Les assaillants ont en effet perquisitionn\u00e9 la ville d\u2019Ariko, majoritairement chr\u00e9tienne, dans la province de Kachia. En l\u2019espace d\u2019un seul jour, ils sont all\u00e9s tirer \u00e0 bout portant sur des chr\u00e9tiens lors d\u2019un culte de l\u2019Eglise \u00e9vang\u00e9lique First ECWA Church et lors de la messe \u00e0 l\u2019Eglise catholique Saint-Augustin. En plus des morts, des dizaines d\u2019autres personnes ont \u00e9t\u00e9 prises en otage, indique la m\u00eame source.<\/p>\n<p>Selon des pr\u00e9cisions fournies par un \u00e9tudiant r\u00e9sidant dans la localit\u00e9, Kimbe Danjuma, les terroristes ont d\u2019abord pris pour cible l\u2019\u00e9glise \u00e9vang\u00e9lique avant de se tourner vers l\u2019\u00e9glise catholique. \u00abIls \u00e9taient peuls \u2013 ils parlaient fulfulde\u00bb, a-t-il pr\u00e9cis\u00e9, cit\u00e9 dans le m\u00e9dia local <a href=\"https:\/\/truthnigeria.com\/2026\/04\/easter-massacre-in-southern-kaduna-fulani-gunmen-kill-15-before-army-rescues-31\/\" target=\"_blank\" rel=\"noreferrer noopener nofollow\">Truth Nigeria<\/a>.<\/p>\n<p>Des informations faussement encourageantes<\/p>\n<p>Apr\u00e8s s\u2019\u00eatre entretenu avec les habitants de la localit\u00e9, le pasteur Hayab John, pr\u00e9sident de l\u2019Association chr\u00e9tienne du Nigeria (CAN) \u00e0 Kaduna, a d\u00e9menti le chiffre de trente-et-une personnes lib\u00e9r\u00e9es, chiffre avanc\u00e9 par l\u2019arm\u00e9e nig\u00e9riane. \u00abToutes les personnes enlev\u00e9es sont toujours en captivit\u00e9\u00bb, a-t-il d\u00e9clar\u00e9, informait en effet <a href=\"https:\/\/www.rfi.fr\/fr\/afrique\/20260408-nigeria-l-arm%C3%A9e-annonce-une-lib%C3%A9ration-d-otages-au-nord-ouest-du-pays-la-soci%C3%A9t%C3%A9-civile-d%C3%A9ment\" target=\"_blank\" rel=\"noreferrer noopener nofollow\">RFI<\/a> le 8 avril.<\/p>\n<p>Pour sa part, l\u2019Association pour le d\u00e9veloppement de Kuturmi a elle aussi rejet\u00e9 la version de l\u2019arm\u00e9e. Dans un communiqu\u00e9, elle d\u00e9nonce des d\u00e9clarations \u00abfausses et trompeuses\u00bb.\u00a0<\/p>\n<p>En 2025, le Nigeria a r\u00e9int\u00e9gr\u00e9 la liste des pays \u00abparticuli\u00e8rement pr\u00e9occupants\u00bb en mati\u00e8re de libert\u00e9 religieuse \u00e9tablie par les Etats-Unis. Bien que la Constitution nig\u00e9riane soit la\u00efque, douze \u00e9tats du Nord ont adopt\u00e9 la charia, loi islamique hautement discriminatoire pour les chr\u00e9tiens, tandis que la religion et l\u2019ethnicit\u00e9 sont instrumentalis\u00e9es politiquement, souligne l\u2019ONG Portes Ouvertes dans son <a href=\"https:\/\/www.portesouvertes.fr\/persecution-des-chretiens\/profils-pays\/nigeria-nord\" target=\"_blank\" rel=\"noreferrer noopener nofollow\">Index mondial<\/a> de la pers\u00e9cution des chr\u00e9tiens.\u00a0<\/p>\n","protected":false},"excerpt":{"rendered":"Dans l\u2019\u00e9tat de Kaduna dans le nord-ouest du Nigeria, plusieurs attaques djihadistes ont eu lieu lors des c\u00e9l\u00e9brations&hellip;\n","protected":false},"author":2,"featured_media":70878,"comment_status":"","ping_status":"","sticky":false,"template":"","format":"standard","meta":{"footnotes":"","_share_on_mastodon":"0"},"categories":[176],"tags":[6,12849,14181,3046,26254,4581,192,12850,12201],"class_list":["post-70877","post","type-post","status-publish","format-standard","has-post-thumbnail","category-nigeria","tag-afrique","tag-catastrophes","tag-catholicisme","tag-eglises","tag-evangeliques","tag-islam","tag-nigeria","tag-persecution","tag-religions"],"share_on_mastodon":{"url":"https:\/\/pubeurope.com\/@afrique\/116375102576327757","error":""},"_links":{"self":[{"href":"https:\/\/www.europesays.com\/afrique\/wp-json\/wp\/v2\/posts\/70877","targetHints":{"allow":["GET"]}}],"collection":[{"href":"https:\/\/www.europesays.com\/afrique\/wp-json\/wp\/v2\/posts"}],"about":[{"href":"https:\/\/www.europesays.com\/afrique\/wp-json\/wp\/v2\/types\/post"}],"author":[{"embeddable":true,"href":"https:\/\/www.europesays.com\/afrique\/wp-json\/wp\/v2\/users\/2"}],"replies":[{"embeddable":true,"href":"https:\/\/www.europesays.com\/afrique\/wp-json\/wp\/v2\/comments?post=70877"}],"version-history":[{"count":0,"href":"https:\/\/www.europesays.com\/afrique\/wp-json\/wp\/v2\/posts\/70877\/revisions"}],"wp:featuredmedia":[{"embeddable":true,"href":"https:\/\/www.europesays.com\/afrique\/wp-json\/wp\/v2\/media\/70878"}],"wp:attachment":[{"href":"https:\/\/www.europesays.com\/afrique\/wp-json\/wp\/v2\/media?parent=70877"}],"wp:term":[{"taxonomy":"category","embeddable":true,"href":"https:\/\/www.europesays.com\/afrique\/wp-json\/wp\/v2\/categories?post=70877"},{"taxonomy":"post_tag","embeddable":true,"href":"https:\/\/www.europesays.com\/afrique\/wp-json\/wp\/v2\/tags?post=70877"}],"curies":[{"name":"wp","href":"https:\/\/api.w.org\/{rel}","templated":true}]}}