{"id":71097,"date":"2026-04-09T17:51:13","date_gmt":"2026-04-09T17:51:13","guid":{"rendered":"https:\/\/www.europesays.com\/afrique\/71097\/"},"modified":"2026-04-09T17:51:13","modified_gmt":"2026-04-09T17:51:13","slug":"mauvaise-nouvelle-pour-jean-jacques-ndala-larbitre-du-match-senegal-vs-maroc","status":"publish","type":"post","link":"https:\/\/www.europesays.com\/afrique\/71097\/","title":{"rendered":"Mauvaise nouvelle pour Jean-Jacques Ndala, l\u2019arbitre du match S\u00e9n\u00e9gal vs Maroc"},"content":{"rendered":"<p class=\"firstp\">L\u2019arbitre congolais <a href=\"https:\/\/www.senenews.com\/premium\/secousses-a-la-caf-le-rapport-de-jean-jacques-ndala-decouvert-le-senegal-blanchi_579990.html\" rel=\"nofollow noopener\" target=\"_blank\">Jean-Jacques Ndala<\/a> ne participera pas \u00e0 la Coupe du Monde 2026. Son nom ne figure pas sur la liste des officiels retenus pour diriger les rencontres de cette prestigieuse comp\u00e9tition internationale.<\/p>\n<p>Cette absence suscite l\u2019\u00e9tonnement dans le milieu du football africain. Reconnu comme l\u2019un des arbitres les plus comp\u00e9tents du continent, Jean-Jacques Ndala a \u00e9t\u00e9 \u00e9cart\u00e9 de la s\u00e9lection finale \u00e9tablie pour la grand-messe du football mondial.\n<\/p>\n<p>Pourtant, le Congolais s\u2019\u00e9tait illustr\u00e9 lors de la Coupe d\u2019Afrique des Nations 2025 au Maroc, o\u00f9 il avait arbitr\u00e9 le match d\u2019ouverture ainsi que la finale. Critiqu\u00e9 pour sa gestion de cette rencontre controvers\u00e9e opposant le S\u00e9n\u00e9gal au Maroc, il avait par la suite \u00e9t\u00e9 blanchi par la Conf\u00e9d\u00e9ration Africaine de Football au moment des sanctions.<\/p>\n<p>Ainsi, son absence de la liste des arbitres retenus pour le Mondial 2026 continue d\u2019alimenter les d\u00e9bats au sein des observateurs du football africain.<\/p>\n","protected":false},"excerpt":{"rendered":"L\u2019arbitre congolais Jean-Jacques Ndala ne participera pas \u00e0 la Coupe du Monde 2026. Son nom ne figure pas&hellip;\n","protected":false},"author":2,"featured_media":71098,"comment_status":"","ping_status":"","sticky":false,"template":"","format":"standard","meta":{"footnotes":"","_share_on_mastodon":"0"},"categories":[84],"tags":[499,308,2577,11,11307,2608],"class_list":["post-71097","post","type-post","status-publish","format-standard","has-post-thumbnail","category-senegal","tag-a-la-une-notification","tag-football","tag-jean-jacques-ndala","tag-senegal","tag-senegal-vs-maroc","tag-senenews-sport"],"share_on_mastodon":{"url":"https:\/\/pubeurope.com\/@afrique\/116376022776205522","error":""},"_links":{"self":[{"href":"https:\/\/www.europesays.com\/afrique\/wp-json\/wp\/v2\/posts\/71097","targetHints":{"allow":["GET"]}}],"collection":[{"href":"https:\/\/www.europesays.com\/afrique\/wp-json\/wp\/v2\/posts"}],"about":[{"href":"https:\/\/www.europesays.com\/afrique\/wp-json\/wp\/v2\/types\/post"}],"author":[{"embeddable":true,"href":"https:\/\/www.europesays.com\/afrique\/wp-json\/wp\/v2\/users\/2"}],"replies":[{"embeddable":true,"href":"https:\/\/www.europesays.com\/afrique\/wp-json\/wp\/v2\/comments?post=71097"}],"version-history":[{"count":0,"href":"https:\/\/www.europesays.com\/afrique\/wp-json\/wp\/v2\/posts\/71097\/revisions"}],"wp:featuredmedia":[{"embeddable":true,"href":"https:\/\/www.europesays.com\/afrique\/wp-json\/wp\/v2\/media\/71098"}],"wp:attachment":[{"href":"https:\/\/www.europesays.com\/afrique\/wp-json\/wp\/v2\/media?parent=71097"}],"wp:term":[{"taxonomy":"category","embeddable":true,"href":"https:\/\/www.europesays.com\/afrique\/wp-json\/wp\/v2\/categories?post=71097"},{"taxonomy":"post_tag","embeddable":true,"href":"https:\/\/www.europesays.com\/afrique\/wp-json\/wp\/v2\/tags?post=71097"}],"curies":[{"name":"wp","href":"https:\/\/api.w.org\/{rel}","templated":true}]}}