{"id":71402,"date":"2026-04-09T23:19:23","date_gmt":"2026-04-09T23:19:23","guid":{"rendered":"https:\/\/www.europesays.com\/afrique\/71402\/"},"modified":"2026-04-09T23:19:23","modified_gmt":"2026-04-09T23:19:23","slug":"pour-la-premiere-fois-la-fifa-laisse-entrevoir-sa-position-sur-la-crise-autour-de-la-finale-de-la-coupe-dafrique-des-nations","status":"publish","type":"post","link":"https:\/\/www.europesays.com\/afrique\/71402\/","title":{"rendered":"Pour la premi\u00e8re fois&#8230; la FIFA laisse entrevoir sa position sur la crise autour de la finale de la Coupe d&rsquo;Afrique des nations"},"content":{"rendered":"<p>La F\u00e9d\u00e9ration internationale de football (FIFA) a rendu ce jeudi une d\u00e9cision qui \u00e9claire sa position sur la crise n\u00e9e de la r\u00e9cente finale de la Coupe d\u2019Afrique des nations entre le Maroc et le S\u00e9n\u00e9gal. Les Lions de la Teranga avaient initialement remport\u00e9 la rencontre 1-0, avant que la Conf\u00e9d\u00e9ration africaine de football (CAF) ne revienne sur sa d\u00e9cision et n\u2019attribue finalement le titre aux Lions de l\u2019Atlas, consid\u00e9rant les visiteurs battus par forfait.<\/p>\n<p>L\u2019arbitre de la rencontre, le Congolais Jean-Jacques Ndala, a \u00e9t\u00e9 point\u00e9 du doigt pour plusieurs erreurs d\u2019appr\u00e9ciation : il n\u2019a pas siffl\u00e9 la fin du match alors que la s\u00e9lection s\u00e9n\u00e9galaise s\u2019\u00e9tait retir\u00e9e dans les vestiaires, ni distribu\u00e9 le moindre carton jaune \u00e0 leur retour sur la pelouse.<\/p>\n<p>Lire aussi<\/p>\n<p style=\"text-align:start\">Le onze id\u00e9al de la Ligue des champions : pas un seul joueur du Real Madrid\u2026 et un seul repr\u00e9sentant pour le Bar\u00e7a<\/p>\n<p style=\"text-align:start\">La FIFA d\u00e9cerne un \u00ab prix \u00bb \u00e0 l\u2019arbitre de Barcelone-Atl\u00e9tico<\/p>\n<p style=\"text-align:start\">Nouveau front : Trump r\u00e9clame l\u2019exclusion des personnes transgenres de la Coupe du monde.<\/p>\n<p style=\"text-align:start\">Dans une d\u00e9cision clairement punitive, la FIFA a ray\u00e9 Nadal de la liste des arbitres s\u00e9lectionn\u00e9s pour la Coupe du monde 2026, pr\u00e9vue aux \u00c9tats-Unis, au Canada et au Mexique, marquant ainsi son d\u00e9saccord avec la mani\u00e8re dont l\u2019officiel congolais a dirig\u00e9 la finale de la CAN en pr\u00e9sence du pr\u00e9sident de l\u2019instance, Gianni Infantino.<\/p>\n<p style=\"text-align:start\">Rappelons que le S\u00e9n\u00e9gal a saisi le Tribunal arbitral du sport (TAS) pour contester la d\u00e9cision de la commission d\u2019appel de la CAF, et c\u2019est \u00e0 cette instance qu\u2019il reviendra de trancher d\u00e9finitivement l\u2019affaire.<\/p>\n","protected":false},"excerpt":{"rendered":"La F\u00e9d\u00e9ration internationale de football (FIFA) a rendu ce jeudi une d\u00e9cision qui \u00e9claire sa position sur la&hellip;\n","protected":false},"author":2,"featured_media":70276,"comment_status":"","ping_status":"","sticky":false,"template":"","format":"standard","meta":{"footnotes":"","_share_on_mastodon":"0"},"categories":[4],"tags":[450,6,86,451,11,11307,11308],"class_list":["post-71402","post","type-post","status-publish","format-standard","has-post-thumbnail","category-afrique","tag-africa-cup-of-nations","tag-afrique","tag-maroc","tag-morocco","tag-senegal","tag-senegal-vs-maroc","tag-senegal-vs-morocco"],"share_on_mastodon":{"url":"https:\/\/pubeurope.com\/@afrique\/116377312495793809","error":""},"_links":{"self":[{"href":"https:\/\/www.europesays.com\/afrique\/wp-json\/wp\/v2\/posts\/71402","targetHints":{"allow":["GET"]}}],"collection":[{"href":"https:\/\/www.europesays.com\/afrique\/wp-json\/wp\/v2\/posts"}],"about":[{"href":"https:\/\/www.europesays.com\/afrique\/wp-json\/wp\/v2\/types\/post"}],"author":[{"embeddable":true,"href":"https:\/\/www.europesays.com\/afrique\/wp-json\/wp\/v2\/users\/2"}],"replies":[{"embeddable":true,"href":"https:\/\/www.europesays.com\/afrique\/wp-json\/wp\/v2\/comments?post=71402"}],"version-history":[{"count":0,"href":"https:\/\/www.europesays.com\/afrique\/wp-json\/wp\/v2\/posts\/71402\/revisions"}],"wp:featuredmedia":[{"embeddable":true,"href":"https:\/\/www.europesays.com\/afrique\/wp-json\/wp\/v2\/media\/70276"}],"wp:attachment":[{"href":"https:\/\/www.europesays.com\/afrique\/wp-json\/wp\/v2\/media?parent=71402"}],"wp:term":[{"taxonomy":"category","embeddable":true,"href":"https:\/\/www.europesays.com\/afrique\/wp-json\/wp\/v2\/categories?post=71402"},{"taxonomy":"post_tag","embeddable":true,"href":"https:\/\/www.europesays.com\/afrique\/wp-json\/wp\/v2\/tags?post=71402"}],"curies":[{"name":"wp","href":"https:\/\/api.w.org\/{rel}","templated":true}]}}