{"id":72788,"date":"2026-04-11T06:37:08","date_gmt":"2026-04-11T06:37:08","guid":{"rendered":"https:\/\/www.europesays.com\/afrique\/72788\/"},"modified":"2026-04-11T06:37:08","modified_gmt":"2026-04-11T06:37:08","slug":"congo-la-fecofoot-boycotte-le-ministere","status":"publish","type":"post","link":"https:\/\/www.europesays.com\/afrique\/72788\/","title":{"rendered":"Congo : la FECOFOOT boycotte le Minist\u00e8re !"},"content":{"rendered":"<p>                <img width=\"516\" height=\"387\" src=\"https:\/\/www.europesays.com\/afrique\/wp-content\/uploads\/2026\/04\/img_0532.jpeg\" class=\"attachment-large size-large wp-post-image\" alt=\"\" decoding=\"async\" fetchpriority=\"high\"  \/>            <\/p>\n<p class=\"p2\">Hier, le 10 avril, une r\u00e9union cruciale s\u2019est tenue au si\u00e8ge du minist\u00e8re des Sports \u00e0 Brazzaville pour tenter de stabiliser le secteur. Cependant, un si\u00e8ge est rest\u00e9 vide, celui d\u2019Henri Endzanga. Le pr\u00e9sident par int\u00e9rim de la F\u00e9d\u00e9ration Congolaise de Football (FECOFOOT) a choisi de d\u00e9cliner l\u2019invitation du Ministre des Sports, actant ainsi une rupture diplomatique majeure.<\/p>\n<p class=\"p3\">Ce refus de si\u00e9ger \u00e0 la table des discussions n\u2019est pas un simple contretemps de calendrier, mais une d\u00e9cision d\u00e9lib\u00e9r\u00e9e et politique. Du c\u00f4t\u00e9 de la f\u00e9d\u00e9ration, la l\u00e9gitimit\u00e9 du ministre actuel, Hugues Ngou\u00e9lond\u00e9l\u00e9, est ouvertement contest\u00e9e. Les responsables de la FECOFOOT semblent avoir dress\u00e9 un mur infranchissable, affirmant ne plus vouloir collaborer avec l\u2019autorit\u00e9 en place pour le traitement des dossiers officiels du ballon rond national.<\/p>\n<p class=\"p3\">L\u2019instance f\u00e9d\u00e9rale mise d\u00e9sormais sur un changement de leadership gouvernemental pour sortir de l\u2019impasse. En d\u00e9clarant attendre la nomination d\u2019un nouveau Ministre des Sports avant de reprendre toute activit\u00e9 de concertation, la FECOFOOT paralyse de fait le dialogue institutionnel. Cette strat\u00e9gie du \u00ab tout sauf Ngou\u00e9lond\u00e9l\u00e9 \u00bb plonge le football congolais dans une incertitude inqui\u00e9tante, laissant les sportifs et les supporters dans l\u2019attente d\u2019une issue \u00e0 ce conflit de pouvoir.<\/p>\n","protected":false},"excerpt":{"rendered":"Hier, le 10 avril, une r\u00e9union cruciale s\u2019est tenue au si\u00e8ge du minist\u00e8re des Sports \u00e0 Brazzaville pour&hellip;\n","protected":false},"author":2,"featured_media":72789,"comment_status":"","ping_status":"","sticky":false,"template":"","format":"standard","meta":{"footnotes":"","_share_on_mastodon":"0"},"categories":[4],"tags":[6,991,2169,3143,23536,23538,308,27179,23814,27180,13712],"class_list":["post-72788","post","type-post","status-publish","format-standard","has-post-thumbnail","category-afrique","tag-afrique","tag-brazzaville","tag-congo","tag-congo-brazzaville","tag-fecofoot","tag-federation-congolaise-de-football","tag-football","tag-henri-endzanga","tag-ministere-des-sports","tag-ngouelondele","tag-republique-du-congo"],"share_on_mastodon":{"url":"https:\/\/pubeurope.com\/@afrique\/116384697132890893","error":""},"_links":{"self":[{"href":"https:\/\/www.europesays.com\/afrique\/wp-json\/wp\/v2\/posts\/72788","targetHints":{"allow":["GET"]}}],"collection":[{"href":"https:\/\/www.europesays.com\/afrique\/wp-json\/wp\/v2\/posts"}],"about":[{"href":"https:\/\/www.europesays.com\/afrique\/wp-json\/wp\/v2\/types\/post"}],"author":[{"embeddable":true,"href":"https:\/\/www.europesays.com\/afrique\/wp-json\/wp\/v2\/users\/2"}],"replies":[{"embeddable":true,"href":"https:\/\/www.europesays.com\/afrique\/wp-json\/wp\/v2\/comments?post=72788"}],"version-history":[{"count":0,"href":"https:\/\/www.europesays.com\/afrique\/wp-json\/wp\/v2\/posts\/72788\/revisions"}],"wp:featuredmedia":[{"embeddable":true,"href":"https:\/\/www.europesays.com\/afrique\/wp-json\/wp\/v2\/media\/72789"}],"wp:attachment":[{"href":"https:\/\/www.europesays.com\/afrique\/wp-json\/wp\/v2\/media?parent=72788"}],"wp:term":[{"taxonomy":"category","embeddable":true,"href":"https:\/\/www.europesays.com\/afrique\/wp-json\/wp\/v2\/categories?post=72788"},{"taxonomy":"post_tag","embeddable":true,"href":"https:\/\/www.europesays.com\/afrique\/wp-json\/wp\/v2\/tags?post=72788"}],"curies":[{"name":"wp","href":"https:\/\/api.w.org\/{rel}","templated":true}]}}