{"id":72807,"date":"2026-04-11T07:23:24","date_gmt":"2026-04-11T07:23:24","guid":{"rendered":"https:\/\/www.europesays.com\/afrique\/72807\/"},"modified":"2026-04-11T07:23:24","modified_gmt":"2026-04-11T07:23:24","slug":"lalgerie-enclenche-le-processus-de-classement-des-itineraires-augustiniens-a-lunesco","status":"publish","type":"post","link":"https:\/\/www.europesays.com\/afrique\/72807\/","title":{"rendered":"L\u2019Alg\u00e9rie enclenche le processus de classement des \u00ab\u00a0itin\u00e9raires augustiniens\u00a0\u00bb \u00e0 l\u2019UNESCO"},"content":{"rendered":"<p>Dans la perspective de la prochaine visite historique du <a href=\"https:\/\/lematindalgerie.com\/wp-content\/uploads\/2025\/07\/Tebboune-Leon-XIV.jpg\" type=\"attachment\" id=\"121697\" rel=\"nofollow noopener\" target=\"_blank\">pape L\u00e9on XIV<\/a> en Alg\u00e9rie,\u00a0 du 13 au 15 avril 2026, le minist\u00e8re de la Culture et des Arts a proc\u00e9d\u00e9 \u00e0 l\u2019installation d\u2019une commission nationale charg\u00e9e du suivi du dossier des \u00ab itin\u00e9raires augustiniens \u00bb, en cours d\u2019examen aupr\u00e8s de UNESCO. <\/p>\n<p>Cette instance, mise en place sous la supervision de la ministre Malika Bendouda, est appel\u00e9e \u00e0 encadrer les diff\u00e9rentes \u00e9tapes techniques et scientifiques li\u00e9es \u00e0 la pr\u00e9paration du classement.<\/p>\n<p>La commission r\u00e9unit des sp\u00e9cialistes issus de plusieurs champs, notamment l\u2019arch\u00e9ologie, l\u2019histoire et l\u2019anthropologie, ainsi que des professionnels de la gestion et de la valorisation du patrimoine. Elle est charg\u00e9e d\u2019assurer le suivi du dossier, de coordonner les contributions des diff\u00e9rentes institutions concern\u00e9es et de veiller \u00e0 sa conformit\u00e9 avec les exigences internationales en mati\u00e8re de classement.<\/p>\n<p>Le projet porte sur un ensemble de sites antiques r\u00e9partis \u00e0 travers l\u2019Est et le Centre du pays. Parmi eux figurent <a href=\"https:\/\/lematindalgerie.com\/visite-de-leon-xiv-en-algerie-le-programme-de-la-visite-devoile\/\" rel=\"nofollow noopener\" target=\"_blank\">Hippone, Calama, Thagaste, Madauros et Caesarea<\/a> de Maur\u00e9tanie. D\u2019autres localit\u00e9s compl\u00e8tent cet itin\u00e9raire, qui s\u2019\u00e9tend sur pr\u00e8s de 1 500 kilom\u00e8tres et regroupe des vestiges relevant de diff\u00e9rentes p\u00e9riodes de l\u2019histoire antique.<\/p>\n<p>L\u2019initiative s\u2019inscrit dans une lecture patrimoniale associ\u00e9e \u00e0 la figure d\u2019Augustin d\u2019Hippone, dont le parcours est \u00e9troitement li\u00e9 \u00e0 plusieurs de<a href=\"https:\/\/lematindalgerie.com\/vatican-news-saint-augustin-une-figure-en-redecouverte-en-algerie-a-la-veille-du-voyage-de-leon-xiv\/\" rel=\"nofollow noopener\" target=\"_blank\"> ces sites. <\/a>Sans se limiter \u00e0 cette dimension biographique, le projet vise \u00e0 structurer un itin\u00e9raire culturel mettant en relation des espaces marqu\u00e9s par des h\u00e9ritages amazigh et romains, tout en soulignant les circulations intellectuelles et religieuses \u00e0 l\u2019\u00e9chelle m\u00e9diterran\u00e9enne.<\/p>\n<p>Outre la pr\u00e9paration du dossier de classement, les travaux engag\u00e9s portent sur les modalit\u00e9s de conservation des sites concern\u00e9s et sur leur mise en valeur. Il s\u2019agit notamment de d\u00e9finir des actions de protection adapt\u00e9es, d\u2019encourager la recherche scientifique et de d\u00e9velopper des formes de m\u00e9diation susceptibles de rendre ces lieux plus accessibles.<\/p>\n<p>\u00c0 travers cette d\u00e9marche, les autorit\u00e9s cherchent \u00e0 inscrire ces sites dans un cadre de gestion coh\u00e9rent, en lien avec les standards internationaux, tout en explorant leur potentiel en mati\u00e8re de tourisme culturel et de d\u00e9veloppement local.<\/p>\n<p>La r\u00e9daction<\/p>\n","protected":false},"excerpt":{"rendered":"Dans la perspective de la prochaine visite historique du pape L\u00e9on XIV en Alg\u00e9rie,\u00a0 du 13 au 15&hellip;\n","protected":false},"author":2,"featured_media":72808,"comment_status":"","ping_status":"","sticky":false,"template":"","format":"standard","meta":{"footnotes":"","_share_on_mastodon":"0"},"categories":[85],"tags":[1017,116,11178,10125],"class_list":["post-72807","post","type-post","status-publish","format-standard","has-post-thumbnail","category-algerie","tag-abdelmadjid-tebboune","tag-algerie","tag-leon-xiv","tag-saint-augustin"],"share_on_mastodon":{"url":"https:\/\/pubeurope.com\/@afrique\/116384877953530802","error":""},"_links":{"self":[{"href":"https:\/\/www.europesays.com\/afrique\/wp-json\/wp\/v2\/posts\/72807","targetHints":{"allow":["GET"]}}],"collection":[{"href":"https:\/\/www.europesays.com\/afrique\/wp-json\/wp\/v2\/posts"}],"about":[{"href":"https:\/\/www.europesays.com\/afrique\/wp-json\/wp\/v2\/types\/post"}],"author":[{"embeddable":true,"href":"https:\/\/www.europesays.com\/afrique\/wp-json\/wp\/v2\/users\/2"}],"replies":[{"embeddable":true,"href":"https:\/\/www.europesays.com\/afrique\/wp-json\/wp\/v2\/comments?post=72807"}],"version-history":[{"count":0,"href":"https:\/\/www.europesays.com\/afrique\/wp-json\/wp\/v2\/posts\/72807\/revisions"}],"wp:featuredmedia":[{"embeddable":true,"href":"https:\/\/www.europesays.com\/afrique\/wp-json\/wp\/v2\/media\/72808"}],"wp:attachment":[{"href":"https:\/\/www.europesays.com\/afrique\/wp-json\/wp\/v2\/media?parent=72807"}],"wp:term":[{"taxonomy":"category","embeddable":true,"href":"https:\/\/www.europesays.com\/afrique\/wp-json\/wp\/v2\/categories?post=72807"},{"taxonomy":"post_tag","embeddable":true,"href":"https:\/\/www.europesays.com\/afrique\/wp-json\/wp\/v2\/tags?post=72807"}],"curies":[{"name":"wp","href":"https:\/\/api.w.org\/{rel}","templated":true}]}}