{"id":75569,"date":"2026-04-14T02:13:36","date_gmt":"2026-04-14T02:13:36","guid":{"rendered":"https:\/\/www.europesays.com\/afrique\/75569\/"},"modified":"2026-04-14T02:13:36","modified_gmt":"2026-04-14T02:13:36","slug":"defaite-de-viktor-orban-en-hongrie-une-victoire-pour-leurope-journal-de-13-heures","status":"publish","type":"post","link":"https:\/\/www.europesays.com\/afrique\/75569\/","title":{"rendered":"D\u00e9faite de Viktor Orb\u00e1n en Hongrie : une victoire pour l&rsquo;Europe &#8211; Journal de 13 heures"},"content":{"rendered":"<p class=\"default-2\">Un s\u00e9isme politique est survenu en Hongrie. Apr\u00e8s seize ans de pouvoir, Viktor Orb\u00e1n a \u00e9t\u00e9 lourdement battu par le jeune conservateur P\u00e9ter Magyar lors des \u00e9lections l\u00e9gislatives. Longtemps proche de l&rsquo;ancien Premier ministre, il s&rsquo;en est toutefois distingu\u00e9 sur un point : son attachement \u00e0 l&rsquo;Europe. Les Hongrois ont choisi le changement et affichent leur satisfaction. Au sein de l&rsquo;Union europ\u00e9enne, Viktor Orb\u00e1n a plusieurs fois bloqu\u00e9 des d\u00e9cisions, comme le pr\u00eat de 90 milliards d&rsquo;euros \u00e0 l&rsquo;Ukraine. <\/p>\n<p>TF1 | Reportage S. CHEVALLEREAU, A. MOUCHARD<\/p>\n<p>Journal t\u00e9l\u00e9vis\u00e9, Actualit\u00e91m43<\/p>\n<p>Publi\u00e9 le 13 avr. 2026 \u00e0 12:57<\/p>\n","protected":false},"excerpt":{"rendered":"Un s\u00e9isme politique est survenu en Hongrie. Apr\u00e8s seize ans de pouvoir, Viktor Orb\u00e1n a \u00e9t\u00e9 lourdement battu&hellip;\n","protected":false},"author":2,"featured_media":75570,"comment_status":"","ping_status":"","sticky":false,"template":"","format":"standard","meta":{"footnotes":"","_share_on_mastodon":"0"},"categories":[2],"tags":[18,1668,1672,1673,1669,1670,1674,1675,1682,1686,1671,1683,1687,1679,1678,1684,1685,1680,1681,1676,1677],"class_list":["post-75569","post","type-post","status-publish","format-standard","has-post-thumbnail","category-europe","tag-europe","tag-extrait","tag-extrait-journal-de-13-heures","tag-extrait-journal-de-13-heures-tf1","tag-extrait-tf1","tag-journal-de-13-heures","tag-journal-de-13-heures-extrait","tag-journal-de-13-heures-extrait-tf1","tag-journal-de-13-heures-streaming","tag-journal-de-13-heures-streaming-gratuit","tag-journal-de-13-heures-tf1","tag-journal-de-13-heures-tf1-streaming","tag-journal-de-13-heures-tf1-streaming-gratuit","tag-journal-de-13-heures-tf1-video","tag-journal-de-13-heures-video","tag-streaming-gratuit-journal-de-13-heures","tag-streaming-gratuit-journal-de-13-heures-tf1","tag-streaming-journal-de-13-heures","tag-streaming-journal-de-13-heures-tf1","tag-video-journal-de-13-heures","tag-video-journal-de-13-heures-tf1"],"share_on_mastodon":{"url":"","error":"Validation failed: Text character limit of 500 exceeded"},"_links":{"self":[{"href":"https:\/\/www.europesays.com\/afrique\/wp-json\/wp\/v2\/posts\/75569","targetHints":{"allow":["GET"]}}],"collection":[{"href":"https:\/\/www.europesays.com\/afrique\/wp-json\/wp\/v2\/posts"}],"about":[{"href":"https:\/\/www.europesays.com\/afrique\/wp-json\/wp\/v2\/types\/post"}],"author":[{"embeddable":true,"href":"https:\/\/www.europesays.com\/afrique\/wp-json\/wp\/v2\/users\/2"}],"replies":[{"embeddable":true,"href":"https:\/\/www.europesays.com\/afrique\/wp-json\/wp\/v2\/comments?post=75569"}],"version-history":[{"count":0,"href":"https:\/\/www.europesays.com\/afrique\/wp-json\/wp\/v2\/posts\/75569\/revisions"}],"wp:featuredmedia":[{"embeddable":true,"href":"https:\/\/www.europesays.com\/afrique\/wp-json\/wp\/v2\/media\/75570"}],"wp:attachment":[{"href":"https:\/\/www.europesays.com\/afrique\/wp-json\/wp\/v2\/media?parent=75569"}],"wp:term":[{"taxonomy":"category","embeddable":true,"href":"https:\/\/www.europesays.com\/afrique\/wp-json\/wp\/v2\/categories?post=75569"},{"taxonomy":"post_tag","embeddable":true,"href":"https:\/\/www.europesays.com\/afrique\/wp-json\/wp\/v2\/tags?post=75569"}],"curies":[{"name":"wp","href":"https:\/\/api.w.org\/{rel}","templated":true}]}}