{"id":76557,"date":"2026-04-14T21:54:26","date_gmt":"2026-04-14T21:54:26","guid":{"rendered":"https:\/\/www.europesays.com\/afrique\/76557\/"},"modified":"2026-04-14T21:54:26","modified_gmt":"2026-04-14T21:54:26","slug":"finale-can-2025-le-maroc-soppose-a-une-procedure-acceleree","status":"publish","type":"post","link":"https:\/\/www.europesays.com\/afrique\/76557\/","title":{"rendered":"Finale CAN 2025 : Le Maroc s\u2019oppose \u00e0 une proc\u00e9dure acc\u00e9l\u00e9r\u00e9e"},"content":{"rendered":"<p>                <img width=\"710\" height=\"473\" src=\"https:\/\/www.europesays.com\/afrique\/wp-content\/uploads\/2026\/03\/final-afcon-2025-710x473.jpg\" class=\"attachment-large size-large wp-post-image\" alt=\"La finale de la CAN 2025 fait toujours des remous\" decoding=\"async\" fetchpriority=\"high\"  \/>            <\/p>\n<p>Le nom du vainqueur de la CAN 2025 pourrait rester incertain encore longtemps. La proc\u00e9dure souhait\u00e9e par le S\u00e9n\u00e9gal a re\u00e7u une opposition du Maroc. Le royaume ch\u00e9rifien souhaite avoir plus de temps pour sa d\u00e9fense.<\/p>\n<p>C\u2019est un feuilleton \u00e0 plusieurs \u00e9pisodes. Les suites de la finale de la CAN 2025 sont loin de conna\u00eetre leur d\u00e9nouement. Le S\u00e9n\u00e9gal, d\u00e9poss\u00e9d\u00e9 de son titre de vainqueur, a saisi le TAS. Le pays de la Teranga a m\u00eame demand\u00e9 une proc\u00e9dure acc\u00e9l\u00e9r\u00e9e pour vider le dossier. Probl\u00e8me\u00a0! Selon des informations de nos confr\u00e8res de Sports News Africa, le Maroc s\u2019y oppose. Le royaume exige une proc\u00e9dure normale. Selon la m\u00eame source, le Maroc veut plus de temps pour mieux pr\u00e9parer sa d\u00e9fense. Cette demande renvoie donc la proc\u00e9dure \u00e0 un d\u00e9roulement normal. Cela pourrait prendre 9 \u00e0 12 mois. Pendant ce temps, le flou continuera autour du r\u00e9el vainqueur de la CAN 2025.<\/p>\n","protected":false},"excerpt":{"rendered":"Le nom du vainqueur de la CAN 2025 pourrait rester incertain encore longtemps. La proc\u00e9dure souhait\u00e9e par le&hellip;\n","protected":false},"author":2,"featured_media":52621,"comment_status":"","ping_status":"","sticky":false,"template":"","format":"standard","meta":{"footnotes":"","_share_on_mastodon":"0"},"categories":[4],"tags":[6,1176,20606,20628,4703,86,28287,11,11813],"class_list":["post-76557","post","type-post","status-publish","format-standard","has-post-thumbnail","category-afrique","tag-afrique","tag-can-2025","tag-champions-dafrique","tag-finale-can-2025","tag-lions-de-la-teranga","tag-maroc","tag-procedure-acceleree","tag-senegal","tag-tas"],"share_on_mastodon":{"url":"https:\/\/pubeurope.com\/@afrique\/116405289880616005","error":""},"_links":{"self":[{"href":"https:\/\/www.europesays.com\/afrique\/wp-json\/wp\/v2\/posts\/76557","targetHints":{"allow":["GET"]}}],"collection":[{"href":"https:\/\/www.europesays.com\/afrique\/wp-json\/wp\/v2\/posts"}],"about":[{"href":"https:\/\/www.europesays.com\/afrique\/wp-json\/wp\/v2\/types\/post"}],"author":[{"embeddable":true,"href":"https:\/\/www.europesays.com\/afrique\/wp-json\/wp\/v2\/users\/2"}],"replies":[{"embeddable":true,"href":"https:\/\/www.europesays.com\/afrique\/wp-json\/wp\/v2\/comments?post=76557"}],"version-history":[{"count":0,"href":"https:\/\/www.europesays.com\/afrique\/wp-json\/wp\/v2\/posts\/76557\/revisions"}],"wp:featuredmedia":[{"embeddable":true,"href":"https:\/\/www.europesays.com\/afrique\/wp-json\/wp\/v2\/media\/52621"}],"wp:attachment":[{"href":"https:\/\/www.europesays.com\/afrique\/wp-json\/wp\/v2\/media?parent=76557"}],"wp:term":[{"taxonomy":"category","embeddable":true,"href":"https:\/\/www.europesays.com\/afrique\/wp-json\/wp\/v2\/categories?post=76557"},{"taxonomy":"post_tag","embeddable":true,"href":"https:\/\/www.europesays.com\/afrique\/wp-json\/wp\/v2\/tags?post=76557"}],"curies":[{"name":"wp","href":"https:\/\/api.w.org\/{rel}","templated":true}]}}