{"id":76901,"date":"2026-04-15T08:10:23","date_gmt":"2026-04-15T08:10:23","guid":{"rendered":"https:\/\/www.europesays.com\/afrique\/76901\/"},"modified":"2026-04-15T08:10:23","modified_gmt":"2026-04-15T08:10:23","slug":"championnat-africain-scolaire-la-pique-dabdoulaye-sow-au-maroc-apres-le-sacre-du-senegal","status":"publish","type":"post","link":"https:\/\/www.europesays.com\/afrique\/76901\/","title":{"rendered":"Championnat africain scolaire : La pique d\u2019Abdoulaye Sow au Maroc apr\u00e8s le sacre du S\u00e9n\u00e9gal"},"content":{"rendered":"<p>                <img width=\"710\" height=\"452\" src=\"https:\/\/www.europesays.com\/afrique\/wp-content\/uploads\/2026\/04\/senegal-champion-dafrique-scolaire-710x452.jpg\" class=\"attachment-large size-large wp-post-image\" alt=\"Abdoulaye Sow lance une pique au Maroc apr\u00e8s le sacre du S\u00e9n\u00e9gal au championnat africain scolaire\" decoding=\"async\" fetchpriority=\"high\"  \/>            <\/p>\n<p>Le S\u00e9n\u00e9gal a remport\u00e9 le championnat africain scolaire dans le tableau masculin. Les Lionceaux ont pris le dessus sur l\u2019Ouganda en finale. Mais avant, ils se sont impos\u00e9s devant l\u2019\u00e9quipe du Maroc, en demi-finales. Ce succ\u00e8s n\u2019est pas pass\u00e9 inaper\u00e7u au retour de la d\u00e9l\u00e9gation au S\u00e9n\u00e9gal.<\/p>\n<p>La rivalit\u00e9 entre le S\u00e9n\u00e9gal et le Maroc depuis la finale de la CAN 2025 a encore de beaux jours. Alors que la cour d\u2019Appel vient de <a href=\"https:\/\/www.africatopsports.com\/2026\/04\/14\/can-2025-verdict-confirme-pour-les-supporters-senegalais-detenus-a-rabat\/\" rel=\"nofollow noopener\" target=\"_blank\">confirmer la peine des supporters s\u00e9n\u00e9galais<\/a>, une sc\u00e8ne suscite le d\u00e9bat sur internet. Pr\u00e9sent \u00e0 l\u2019arriv\u00e9e des vainqueurs au S\u00e9n\u00e9gal, Abdoulaye Sow n\u2019a pas manqu\u00e9 de lancer une pique au Maroc. \u00ab\u00a0Je suis content pour deux raisons. D\u2019abord, vous avez battu le Maroc. \u00c7a veut dire que nous sommes plus forts qu\u2019eux. Ensuite, vous avez gagn\u00e9 la coupe d\u2019Afrique. Le mental y est, la qualit\u00e9 y est\u00a0\u00bb, a d\u00e9clar\u00e9 le Secr\u00e9taire G\u00e9n\u00e9ral de la f\u00e9d\u00e9ration s\u00e9n\u00e9galaise de football aux joueurs du S\u00e9n\u00e9gal.<\/p>\n<p>Abdoulaye Sow a aussi exhort\u00e9 les jeunes vainqueurs du championnat africain scolaire \u00e0 maintenir le cap. \u00ab\u00a0Vous devez continuer \u00e0 travailler. Si vous baissez les bras, les autres vous vous rattraper\u00a0\u00bb, a-t-il conclu.<\/p>\n<p dir=\"ltr\" lang=\"fr\">Abdoulaye Sow ( secr\u00e9taire de la f\u00e9d\u00e9ration s\u00e9n\u00e9galaise )devant les U15 s\u00e9n\u00e9galais \ud83c\uddf8\ud83c\uddf3 :<\/p>\n<p>\u00ab Je suis fier de vous, vous avez battu le Maroc puis gagn\u00e9 la CAN. \u00bb<\/p>\n<p>On a vraiment un palace dans leur cr\u00e2ne \ud83d\ude2c <a href=\"https:\/\/t.co\/uPsSpHfehZ\" rel=\"nofollow\">pic.twitter.com\/uPsSpHfehZ<\/a><\/p>\n<p>\u2014 AtlasGoal (@AtlasGoal) <a href=\"https:\/\/twitter.com\/AtlasGoal\/status\/2044110131084906971?ref_src=twsrc%5Etfw\" rel=\"nofollow noopener\" target=\"_blank\">April 14, 2026<\/a><\/p>\n<p>    <script async src=\"https:\/\/platform.twitter.com\/widgets.js\" charset=\"utf-8\"><\/script><\/p>\n","protected":false},"excerpt":{"rendered":"Le S\u00e9n\u00e9gal a remport\u00e9 le championnat africain scolaire dans le tableau masculin. Les Lionceaux ont pris le dessus&hellip;\n","protected":false},"author":2,"featured_media":76902,"comment_status":"","ping_status":"","sticky":false,"template":"","format":"standard","meta":{"footnotes":"","_share_on_mastodon":"0"},"categories":[4],"tags":[6,1176,24227,20249,5440,20628,86,11,2607],"class_list":["post-76901","post","type-post","status-publish","format-standard","has-post-thumbnail","category-afrique","tag-afrique","tag-can-2025","tag-championnat-africain-scolaire","tag-champions","tag-cour-dappel","tag-finale-can-2025","tag-maroc","tag-senegal","tag-supporters-senegalais"],"share_on_mastodon":{"url":"https:\/\/pubeurope.com\/@afrique\/116407712174737029","error":""},"_links":{"self":[{"href":"https:\/\/www.europesays.com\/afrique\/wp-json\/wp\/v2\/posts\/76901","targetHints":{"allow":["GET"]}}],"collection":[{"href":"https:\/\/www.europesays.com\/afrique\/wp-json\/wp\/v2\/posts"}],"about":[{"href":"https:\/\/www.europesays.com\/afrique\/wp-json\/wp\/v2\/types\/post"}],"author":[{"embeddable":true,"href":"https:\/\/www.europesays.com\/afrique\/wp-json\/wp\/v2\/users\/2"}],"replies":[{"embeddable":true,"href":"https:\/\/www.europesays.com\/afrique\/wp-json\/wp\/v2\/comments?post=76901"}],"version-history":[{"count":0,"href":"https:\/\/www.europesays.com\/afrique\/wp-json\/wp\/v2\/posts\/76901\/revisions"}],"wp:featuredmedia":[{"embeddable":true,"href":"https:\/\/www.europesays.com\/afrique\/wp-json\/wp\/v2\/media\/76902"}],"wp:attachment":[{"href":"https:\/\/www.europesays.com\/afrique\/wp-json\/wp\/v2\/media?parent=76901"}],"wp:term":[{"taxonomy":"category","embeddable":true,"href":"https:\/\/www.europesays.com\/afrique\/wp-json\/wp\/v2\/categories?post=76901"},{"taxonomy":"post_tag","embeddable":true,"href":"https:\/\/www.europesays.com\/afrique\/wp-json\/wp\/v2\/tags?post=76901"}],"curies":[{"name":"wp","href":"https:\/\/api.w.org\/{rel}","templated":true}]}}