{"id":79371,"date":"2026-04-18T16:36:12","date_gmt":"2026-04-18T16:36:12","guid":{"rendered":"https:\/\/www.europesays.com\/afrique\/79371\/"},"modified":"2026-04-18T16:36:12","modified_gmt":"2026-04-18T16:36:12","slug":"operation-sous-haute-tension-a-yeumbeul-comico-pris-en-flagrants-delit-des-dealers-lachent-leurs-pitbulls-sur-les-policiers-la-suite","status":"publish","type":"post","link":"https:\/\/www.europesays.com\/afrique\/79371\/","title":{"rendered":"Op\u00e9ration sous haute tension \u00e0 Yeumbeul-Comico : Pris en flagrants d\u00e9lit, des dealers l\u00e2chent leurs pitbulls sur les policiers, la suite&#8230;"},"content":{"rendered":"<p class=\"firstp\">Une op\u00e9ration polici\u00e8re sous haute tension a \u00e9t\u00e9 men\u00e9e dans la nuit du 17 avril 2026 au quartier Afia 2, \u00e0 Yeumbeul. Les \u00e9l\u00e9ments de la brigade de recherches du commissariat d\u2019arrondissement de Yeumbeul-Comico, dirig\u00e9s par le commissaire Ousmane Diop, ont d\u00e9mantel\u00e9 un pr\u00e9sum\u00e9 r\u00e9seau de trafic de stup\u00e9fiants.<\/p>\n<p data-start=\"496\" data-end=\"765\">L\u2019intervention fait suite \u00e0 un renseignement anonyme signalant des activit\u00e9s suspectes dans un domicile du quartier. Apr\u00e8s plusieurs heures de surveillance discr\u00e8te et la confirmation d\u2019un va-et-vient inhabituel, les forces de l\u2019ordre ont d\u00e9cid\u00e9 de passer \u00e0 l\u2019action.\n<\/p>\n<p data-start=\"767\" data-end=\"1079\">Au moment de l\u2019assaut, les occupants des lieux ont tent\u00e9 de repousser les policiers en l\u00e2chant <a href=\"https:\/\/www.senenews.com\/actualites\/guediawaye-t-diallo-face-a-sa-victime-et-a-son-fils-ne-du-viol-laffaire-qui-a-secoue-le-tribunal_578369.html\" rel=\"nofollow noopener\" target=\"_blank\">quatre chiens de race pitbull<\/a>. Face \u00e0 la menace imminente, les agents ont \u00e9t\u00e9 contraints de faire usage de leurs armes de service pour neutraliser les animaux. L\u2019un des policiers a \u00e9chapp\u00e9 de justesse \u00e0 une morsure.\n<\/p>\n<p data-start=\"1081\" data-end=\"1369\">La fouille des lieux a permis la saisie de plusieurs produits illicites, dont du chanvre indien, du crack, du kush, ainsi que des comprim\u00e9s, notamment de l\u2019Antinorex. Du mat\u00e9riel, dont un t\u00e9l\u00e9viseur \u00e9cran plat, un scooter et une moto de type Jakarta, a \u00e9galement \u00e9t\u00e9 plac\u00e9 sous scell\u00e9s.\n<\/p>\n<p data-start=\"1371\" data-end=\"1585\">Quatre individus ont \u00e9t\u00e9 interpell\u00e9s lors de l\u2019op\u00e9ration. Entendus par les enqu\u00eateurs, ils ont ni\u00e9 toute implication, attribuant la propri\u00e9t\u00e9 des substances \u00e0 un individu surnomm\u00e9 \u00ab Nekh \u00bb, actuellement en fuite.<\/p>\n<p data-start=\"1587\" data-end=\"1850\" data-is-last-node=\"\" data-is-only-node=\"\">Les produits non identifi\u00e9s ont \u00e9t\u00e9 transmis aux services comp\u00e9tents pour analyse. Inform\u00e9 de la situation, le procureur de la R\u00e9publique, Saliou Dicko, a ordonn\u00e9 l\u2019ouverture d\u2019une enqu\u00eate afin de faire toute la lumi\u00e8re sur cette affaire.<\/p>\n","protected":false},"excerpt":{"rendered":"Une op\u00e9ration polici\u00e8re sous haute tension a \u00e9t\u00e9 men\u00e9e dans la nuit du 17 avril 2026 au quartier&hellip;\n","protected":false},"author":2,"featured_media":79372,"comment_status":"","ping_status":"","sticky":false,"template":"","format":"standard","meta":{"footnotes":"","_share_on_mastodon":"0"},"categories":[84],"tags":[11,114,29170],"class_list":["post-79371","post","type-post","status-publish","format-standard","has-post-thumbnail","category-senegal","tag-senegal","tag-senegal-actualites","tag-yeumbeul-comico"],"share_on_mastodon":{"url":"https:\/\/pubeurope.com\/@afrique\/116426688681086298","error":""},"_links":{"self":[{"href":"https:\/\/www.europesays.com\/afrique\/wp-json\/wp\/v2\/posts\/79371","targetHints":{"allow":["GET"]}}],"collection":[{"href":"https:\/\/www.europesays.com\/afrique\/wp-json\/wp\/v2\/posts"}],"about":[{"href":"https:\/\/www.europesays.com\/afrique\/wp-json\/wp\/v2\/types\/post"}],"author":[{"embeddable":true,"href":"https:\/\/www.europesays.com\/afrique\/wp-json\/wp\/v2\/users\/2"}],"replies":[{"embeddable":true,"href":"https:\/\/www.europesays.com\/afrique\/wp-json\/wp\/v2\/comments?post=79371"}],"version-history":[{"count":0,"href":"https:\/\/www.europesays.com\/afrique\/wp-json\/wp\/v2\/posts\/79371\/revisions"}],"wp:featuredmedia":[{"embeddable":true,"href":"https:\/\/www.europesays.com\/afrique\/wp-json\/wp\/v2\/media\/79372"}],"wp:attachment":[{"href":"https:\/\/www.europesays.com\/afrique\/wp-json\/wp\/v2\/media?parent=79371"}],"wp:term":[{"taxonomy":"category","embeddable":true,"href":"https:\/\/www.europesays.com\/afrique\/wp-json\/wp\/v2\/categories?post=79371"},{"taxonomy":"post_tag","embeddable":true,"href":"https:\/\/www.europesays.com\/afrique\/wp-json\/wp\/v2\/tags?post=79371"}],"curies":[{"name":"wp","href":"https:\/\/api.w.org\/{rel}","templated":true}]}}