{"id":79488,"date":"2026-04-18T19:39:13","date_gmt":"2026-04-18T19:39:13","guid":{"rendered":"https:\/\/www.europesays.com\/afrique\/79488\/"},"modified":"2026-04-18T19:39:13","modified_gmt":"2026-04-18T19:39:13","slug":"bagarre-generale-a-touba-comment-une-transe-suspecte-a-conduit-20-personnes-derriere-les-barreaux","status":"publish","type":"post","link":"https:\/\/www.europesays.com\/afrique\/79488\/","title":{"rendered":"Bagarre g\u00e9n\u00e9rale \u00e0 Touba : Comment une transe suspecte a conduit 20 personnes derri\u00e8re les barreaux"},"content":{"rendered":"<p class=\"firstp\">Ce qui devait \u00eatre une soir\u00e9e de pri\u00e8res et de chants religieux (Thiant) a vir\u00e9 au cauchemar le mardi 14 avril dernier. Une dispute entre deux groupes de jeunes a transform\u00e9 le quartier Mbadian\u00e9ne en v\u00e9ritable champ de bataille.<\/p>\n<p>\u200bL\u2019incident d\u00e9clencheur<\/p>\n<p>\u200bTout a commenc\u00e9 avec B.G. Diouf, un chauffeur de 25 ans. En pleine c\u00e9r\u00e9monie, ce dernier a simul\u00e9 un \u00e9tat de transe. Les organisateurs, peu convaincus, lui ont ordonn\u00e9 de partir. Ses amis ont alors pris sa d\u00e9fense, refusant de quitter les lieux. Le ton est mont\u00e9 et les deux camps ont fini par s\u2019\u00e9changer des jets de pierres et de projectiles.\n<\/p>\n<p>\u200bL\u2019intervention de la police<\/p>\n<p>Face \u00e0 la violence de l\u2019affrontement, les policiers du commissariat de Ndamatou sont intervenus rapidement pour ramener le calme. L\u2019op\u00e9ration s\u2019est d\u00e9roul\u00e9e en deux temps :\u200b9 interpellations imm\u00e9diates parmi les r\u00e9sidents du quartier Mbadian\u00e9ne,\u200b11 arrestations suppl\u00e9mentaires plus tard dans le quartier Keur Baye Lat.\n<\/p>\n<p>\u200bUn suspect d\u00e9j\u00e0 connu pour ses agissements<\/p>\n<p>\u200bSelon les t\u00e9moignages de ses propres compagnons, B.G. Diouf n\u2019en serait pas \u00e0 son coup d\u2019essai. Il est accus\u00e9 d\u2019avoir l\u2019habitude de perturber les rassemblements religieux en jouant la com\u00e9die pour provoquer des troubles.\n<\/p>\n<p>M\u00eame si personne n\u2019a \u00e9t\u00e9 gravement bless\u00e9, la justice a d\u00e9cid\u00e9 de marquer le coup pour pr\u00e9server la paix publique.<\/p>\n<p>20 jeunes ont \u00e9t\u00e9 envoy\u00e9s en prison ce vendredi. Ils sont poursuivis pour participation \u00e0 une bagarre de rue, menaces de mort et mise en danger de la vie d\u2019autrui. Ils attendent d\u00e9sormais leur jugement derri\u00e8re les <a href=\"https:\/\/www.senenews.com\/actualites\/gracie-par-bassirou-diomaye-faye-comment-bassirou-mangane-sest-encore-retrouve-derriere-les-barreaux_572558.html\" rel=\"nofollow noopener\" target=\"_blank\">barreaux<\/a>.<\/p>\n","protected":false},"excerpt":{"rendered":"Ce qui devait \u00eatre une soir\u00e9e de pri\u00e8res et de chants religieux (Thiant) a vir\u00e9 au cauchemar le&hellip;\n","protected":false},"author":2,"featured_media":79489,"comment_status":"","ping_status":"","sticky":false,"template":"","format":"standard","meta":{"footnotes":"","_share_on_mastodon":"0"},"categories":[84],"tags":[29205,11,114,115,29206,24918],"class_list":["post-79488","post","type-post","status-publish","format-standard","has-post-thumbnail","category-senegal","tag-bagarre","tag-senegal","tag-senegal-actualites","tag-societe","tag-thiant","tag-touba"],"share_on_mastodon":{"url":"https:\/\/pubeurope.com\/@afrique\/116427408303872813","error":""},"_links":{"self":[{"href":"https:\/\/www.europesays.com\/afrique\/wp-json\/wp\/v2\/posts\/79488","targetHints":{"allow":["GET"]}}],"collection":[{"href":"https:\/\/www.europesays.com\/afrique\/wp-json\/wp\/v2\/posts"}],"about":[{"href":"https:\/\/www.europesays.com\/afrique\/wp-json\/wp\/v2\/types\/post"}],"author":[{"embeddable":true,"href":"https:\/\/www.europesays.com\/afrique\/wp-json\/wp\/v2\/users\/2"}],"replies":[{"embeddable":true,"href":"https:\/\/www.europesays.com\/afrique\/wp-json\/wp\/v2\/comments?post=79488"}],"version-history":[{"count":0,"href":"https:\/\/www.europesays.com\/afrique\/wp-json\/wp\/v2\/posts\/79488\/revisions"}],"wp:featuredmedia":[{"embeddable":true,"href":"https:\/\/www.europesays.com\/afrique\/wp-json\/wp\/v2\/media\/79489"}],"wp:attachment":[{"href":"https:\/\/www.europesays.com\/afrique\/wp-json\/wp\/v2\/media?parent=79488"}],"wp:term":[{"taxonomy":"category","embeddable":true,"href":"https:\/\/www.europesays.com\/afrique\/wp-json\/wp\/v2\/categories?post=79488"},{"taxonomy":"post_tag","embeddable":true,"href":"https:\/\/www.europesays.com\/afrique\/wp-json\/wp\/v2\/tags?post=79488"}],"curies":[{"name":"wp","href":"https:\/\/api.w.org\/{rel}","templated":true}]}}