{"id":80970,"date":"2026-04-20T15:50:11","date_gmt":"2026-04-20T15:50:11","guid":{"rendered":"https:\/\/www.europesays.com\/afrique\/80970\/"},"modified":"2026-04-20T15:50:11","modified_gmt":"2026-04-20T15:50:11","slug":"la-tunisie-qui-gagne-quels-sont-les-marches-vises-par-lexpansion-internationale-darzaak-en-afrique-et-mena","status":"publish","type":"post","link":"https:\/\/www.europesays.com\/afrique\/80970\/","title":{"rendered":"LA TUNISIE QUI GAGNE : Quels sont les march\u00e9s vis\u00e9s par l&rsquo;expansion internationale d&rsquo;Arzaak en Afrique et MENA ?"},"content":{"rendered":"<p><img fetchpriority=\"high\" decoding=\"async\" class=\"size-medium wp-image-563628 alignleft\" src=\"data:image\/svg+xml,%3Csvg%20xmlns=\" http:=\"\" alt=\"\" width=\"300\" height=\"300\" data-lazy- data-lazy- data-lazy-src=\"https:\/\/www.europesays.com\/afrique\/wp-content\/uploads\/2026\/04\/JIHENETOUATI-ARZAAK-300x300.jpg\"\/><img fetchpriority=\"high\" decoding=\"async\" class=\"size-medium wp-image-563628 alignleft\" src=\"https:\/\/www.europesays.com\/afrique\/wp-content\/uploads\/2026\/04\/JIHENETOUATI-ARZAAK-300x300.jpg\" alt=\"\" width=\"300\" height=\"300\"  \/>Dans un \u00e9cosyst\u00e8me entrepreneurial largement tourn\u00e9 vers les secteurs \u201cbuzz\u201d \u2014 IA, <a style=\"color: #ff0000;\" href=\"https:\/\/www.webmanagercenter.com\/tag\/deeptech\/\" target=\"_blank\" rel=\"noopener nofollow\">deeptech<\/a>, <a style=\"color: #ff0000;\" href=\"https:\/\/www.webmanagercenter.com\/tag\/greentech\/\" target=\"_blank\" rel=\"noopener nofollow\">greentech<\/a> \u2014 une startup positionn\u00e9e sur l\u2019artisanat doit souvent commencer par d\u00e9construire les id\u00e9es re\u00e7ues.<\/p>\n<p>Aux yeux de nombreux investisseurs, ce secteur reste per\u00e7u comme traditionnel, peu scalable, moins innovant. Pourtant, derri\u00e8re l\u2019artisanat se cache une \u00e9conomie cr\u00e9ative massive, encore largement sous\u2011valoris\u00e9e, et que le digital peut transformer en v\u00e9ritable moteur de croissance.<\/p>\n<p>Il a donc fallu d\u00e9montrer qu\u2019un projet \u00e0 impact peut \u00eatre rentable, et qu\u2019un secteur consid\u00e9r\u00e9 comme \u201cnon tech\u201d peut, lui aussi, g\u00e9n\u00e9rer de la valeur \u00e0 grande \u00e9chelle.<br \/>C\u2019est pr\u00e9cis\u00e9ment ce que Jihene Touati et son \u00e9quipe s\u2019emploient \u00e0 prouver avec Arzaak :<\/p>\n<p>\u00ab Il est possible de cr\u00e9er une entreprise rentable tout en g\u00e9n\u00e9rant un impact social r\u00e9el. \u00bb<\/p>\n<p>Aujourd\u2019hui en discussion pour sa premi\u00e8re lev\u00e9e de fonds, Arzaak a d\u00e9j\u00e0 obtenu plusieurs grants et prix qui ont acc\u00e9l\u00e9r\u00e9 son d\u00e9veloppement, compl\u00e9t\u00e9s par le r\u00e9investissement des revenus g\u00e9n\u00e9r\u00e9s.<\/p>\n<p>Les investisseurs s\u00e9duits par le projet ont mis en avant trois \u00e9l\u00e9ments cl\u00e9s\u00a0: une vision claire, un mod\u00e8le hautement scalable et un impact social mesurable.<\/p>\n<p>Les fonds obtenus ont permis de renforcer le produit, d\u2019enrichir ses fonctionnalit\u00e9s et de d\u00e9velopper le marketing digital.<\/p>\n<p>Arzaak franchit les fronti\u00e8res<\/p>\n<p>Le v\u00e9ritable tournant est survenu lorsque les premi\u00e8res clientes de la diaspora et du Maghreb ont commenc\u00e9 \u00e0 affluer. Pour Jihene Touati, c\u2019\u00e9tait la preuve que le potentiel d\u2019Arzaak d\u00e9passait largement les fronti\u00e8res tunisiennes.<\/p>\n<p>Avec une preuve de concept solide sur le march\u00e9 local, l\u2019international devenait une \u00e9vidence.<\/p>\n<p>Aujourd\u2019hui, Arzaak cible l\u2019Afrique et la r\u00e9gion MENA, avec trois priorit\u00e9s strat\u00e9giques :<\/p>\n<p>la diaspora connect\u00e9e aux m\u00e9tiers artisanaux tunisiens ;<br \/>\nles march\u00e9s nord\u2011africains \u00e0 forte demande et maturit\u00e9 digitale ;<br \/>\nles r\u00e9gions riches en potentiel artisanal et cr\u00e9atif.<\/p>\n<p>Arzaak avance dans un secteur que l\u2019\u00e9cosyst\u00e8me tech avait longtemps n\u00e9glig\u00e9 \u2014 et c\u2019est pr\u00e9cis\u00e9ment ce qui fait sa force.<\/p>\n<p>En digitalisant un savoir\u2011faire ancestral, la startup ne modernise pas seulement un m\u00e9tier : elle r\u00e9v\u00e8le un march\u00e9, cr\u00e9e de la valeur et ouvre une nouvelle cat\u00e9gorie d\u2019investissement.<\/p>\n<p>L\u2019artisanat n\u2019est pas un h\u00e9ritage fig\u00e9 : c\u2019est un gisement \u00e9conomique, un levier d\u2019impact, et d\u00e9sormais, gr\u00e2ce \u00e0 Arzaak, une opportunit\u00e9 strat\u00e9gique pour les investisseurs qui savent regarder au\u2011del\u00e0 des tendances.<\/p>\n<p>A.B.A<\/p>\n","protected":false},"excerpt":{"rendered":"Dans un \u00e9cosyst\u00e8me entrepreneurial largement tourn\u00e9 vers les secteurs \u201cbuzz\u201d \u2014 IA, deeptech, greentech \u2014 une startup positionn\u00e9e&hellip;\n","protected":false},"author":2,"featured_media":80971,"comment_status":"","ping_status":"","sticky":false,"template":"","format":"standard","meta":{"footnotes":"","_share_on_mastodon":"0"},"categories":[120],"tags":[29736,24509,29737,2931,24512,29738,124],"class_list":["post-80970","post","type-post","status-publish","format-standard","has-post-thumbnail","category-tunisie","tag-artisanat-digital","tag-arzaak","tag-e-commerce-artisanat","tag-greentech","tag-jihene-touati","tag-startup-tunisie","tag-tunisie"],"share_on_mastodon":{"url":"https:\/\/pubeurope.com\/@afrique\/116437832474795370","error":""},"_links":{"self":[{"href":"https:\/\/www.europesays.com\/afrique\/wp-json\/wp\/v2\/posts\/80970","targetHints":{"allow":["GET"]}}],"collection":[{"href":"https:\/\/www.europesays.com\/afrique\/wp-json\/wp\/v2\/posts"}],"about":[{"href":"https:\/\/www.europesays.com\/afrique\/wp-json\/wp\/v2\/types\/post"}],"author":[{"embeddable":true,"href":"https:\/\/www.europesays.com\/afrique\/wp-json\/wp\/v2\/users\/2"}],"replies":[{"embeddable":true,"href":"https:\/\/www.europesays.com\/afrique\/wp-json\/wp\/v2\/comments?post=80970"}],"version-history":[{"count":0,"href":"https:\/\/www.europesays.com\/afrique\/wp-json\/wp\/v2\/posts\/80970\/revisions"}],"wp:featuredmedia":[{"embeddable":true,"href":"https:\/\/www.europesays.com\/afrique\/wp-json\/wp\/v2\/media\/80971"}],"wp:attachment":[{"href":"https:\/\/www.europesays.com\/afrique\/wp-json\/wp\/v2\/media?parent=80970"}],"wp:term":[{"taxonomy":"category","embeddable":true,"href":"https:\/\/www.europesays.com\/afrique\/wp-json\/wp\/v2\/categories?post=80970"},{"taxonomy":"post_tag","embeddable":true,"href":"https:\/\/www.europesays.com\/afrique\/wp-json\/wp\/v2\/tags?post=80970"}],"curies":[{"name":"wp","href":"https:\/\/api.w.org\/{rel}","templated":true}]}}