{"id":81203,"date":"2026-04-20T20:48:12","date_gmt":"2026-04-20T20:48:12","guid":{"rendered":"https:\/\/www.europesays.com\/afrique\/81203\/"},"modified":"2026-04-20T20:48:12","modified_gmt":"2026-04-20T20:48:12","slug":"algerie-larmee-annonce-lelimination-dun-terroriste-a-ain-defla-150-km-a-louest-dalger","status":"publish","type":"post","link":"https:\/\/www.europesays.com\/afrique\/81203\/","title":{"rendered":"Alg\u00e9rie : l&rsquo;arm\u00e9e annonce l&rsquo;\u00e9limination d&rsquo;un terroriste \u00e0 Ain Defla (150 km \u00e0 l&rsquo;ouest d&rsquo;Alger)"},"content":{"rendered":"<p>Aksil Ouali<\/p>\n<p>20 Avril 2026\u2022Mise \u00e0 jour: 20 Avril 2026<\/p>\n<p>L&rsquo;arm\u00e9e alg\u00e9rienne a annonc\u00e9, ce lundi, l&rsquo;\u00e9limination d&rsquo;un terroriste et la r\u00e9cup\u00e9ration d&rsquo;un pistolet mitrailleur ainsi qu&rsquo;une quantit\u00e9 de munitions lors d&rsquo;une op\u00e9ration de recherche et de ratissage men\u00e9e dans le secteur militaire d&rsquo;Ain Defla (150 km \u00e0 l&rsquo;ouest d&rsquo;Alger).<\/p>\n<p>\u00ab Dans le cadre de la lutte antiterroriste et lors d&rsquo;une op\u00e9ration de recherche et de ratissage dans le Secteur militaire d\u2019Ain Defla en premi\u00e8re R\u00e9gion militaire, des d\u00e9tachements de l&rsquo;ANP ont abattu, aujourd\u2019hui lundi 20 avril 2026, un (1) terroriste et r\u00e9cup\u00e9rer un (1) pistolet mitrailleur de type Kalachnikov, une quantit\u00e9 de munitions et autres effets \u00bb, a indiqu\u00e9 le minist\u00e8re alg\u00e9rien de la D\u00e9fense.<\/p>\n<p>Cette op\u00e9ration, qui est toujours en cours, a ajout\u00e9 la m\u00eame source, \u00ab confirme une nouvelle fois l&rsquo;efficacit\u00e9 de l&rsquo;approche adopt\u00e9e par le Haut Commandement de l&rsquo;ANP dans la lutte contre les r\u00e9sidus de ces groupes criminels, notamment \u00e0 travers l&rsquo;intensification de la pression et le tarissement des sources de soutien, et ce, jusqu&rsquo;\u00e0 leur \u00e9radication totale\u00bb.<\/p>\n<p>D\u00e9but f\u00e9vrier dernier, l&rsquo;arm\u00e9e avait annonc\u00e9 \u00e9galement la neutralisation de quatre terroristes et la 4 pistolets-mitrailleurs de type Kalachnikov et une quantit\u00e9 de munitions, dans la m\u00eame zone. Le 18 mars, le minist\u00e8re de la D\u00e9fense a annonc\u00e9 la neutralisation de sept terroristes \u00e0 T\u00e9bessa, \u00e0 la fronti\u00e8re alg\u00e9ro-tunisienne, et l&rsquo;arrestation de trois \u00e9l\u00e9ments de soutien aux groupes terroristes.<\/p>\n<p>L\u2019Alg\u00e9rie a travers\u00e9 une grave guerre civile durant la d\u00e9cennie 1990 qui s\u2019est sold\u00e9e par plus de 150 milles morts parmi les civils et les militaires. Cette dure situation a conduit les autorit\u00e9s \u00e0 lancer la politique de r\u00e9conciliation nationale (2005) qui a permis la reddition de plusieurs milliers d&rsquo;\u00e9l\u00e9ments arm\u00e9s qui occupaient les maquis.<\/p>\n","protected":false},"excerpt":{"rendered":"Aksil Ouali 20 Avril 2026\u2022Mise \u00e0 jour: 20 Avril 2026 L&rsquo;arm\u00e9e alg\u00e9rienne a annonc\u00e9, ce lundi, l&rsquo;\u00e9limination d&rsquo;un&hellip;\n","protected":false},"author":2,"featured_media":81204,"comment_status":"","ping_status":"","sticky":false,"template":"","format":"standard","meta":{"footnotes":"","_share_on_mastodon":"0"},"categories":[85],"tags":[116,426,2059],"class_list":["post-81203","post","type-post","status-publish","format-standard","has-post-thumbnail","category-algerie","tag-algerie","tag-armee","tag-terroriste"],"share_on_mastodon":{"url":"https:\/\/pubeurope.com\/@afrique\/116439004181551043","error":""},"_links":{"self":[{"href":"https:\/\/www.europesays.com\/afrique\/wp-json\/wp\/v2\/posts\/81203","targetHints":{"allow":["GET"]}}],"collection":[{"href":"https:\/\/www.europesays.com\/afrique\/wp-json\/wp\/v2\/posts"}],"about":[{"href":"https:\/\/www.europesays.com\/afrique\/wp-json\/wp\/v2\/types\/post"}],"author":[{"embeddable":true,"href":"https:\/\/www.europesays.com\/afrique\/wp-json\/wp\/v2\/users\/2"}],"replies":[{"embeddable":true,"href":"https:\/\/www.europesays.com\/afrique\/wp-json\/wp\/v2\/comments?post=81203"}],"version-history":[{"count":0,"href":"https:\/\/www.europesays.com\/afrique\/wp-json\/wp\/v2\/posts\/81203\/revisions"}],"wp:featuredmedia":[{"embeddable":true,"href":"https:\/\/www.europesays.com\/afrique\/wp-json\/wp\/v2\/media\/81204"}],"wp:attachment":[{"href":"https:\/\/www.europesays.com\/afrique\/wp-json\/wp\/v2\/media?parent=81203"}],"wp:term":[{"taxonomy":"category","embeddable":true,"href":"https:\/\/www.europesays.com\/afrique\/wp-json\/wp\/v2\/categories?post=81203"},{"taxonomy":"post_tag","embeddable":true,"href":"https:\/\/www.europesays.com\/afrique\/wp-json\/wp\/v2\/tags?post=81203"}],"curies":[{"name":"wp","href":"https:\/\/api.w.org\/{rel}","templated":true}]}}