{"id":81799,"date":"2026-04-21T13:38:09","date_gmt":"2026-04-21T13:38:09","guid":{"rendered":"https:\/\/www.europesays.com\/afrique\/81799\/"},"modified":"2026-04-21T13:38:09","modified_gmt":"2026-04-21T13:38:09","slug":"du-nouveau-dans-le-projet-dinterconnexion-electrique-tunisie-italie-elmed","status":"publish","type":"post","link":"https:\/\/www.europesays.com\/afrique\/81799\/","title":{"rendered":"Du nouveau dans le projet d&rsquo;interconnexion \u00e9lectrique Tunisie\u2013Italie \u00ab\u00a0Elmed\u00a0\u00bb"},"content":{"rendered":"<p>Les pr\u00e9paratifs du projet d\u2019interconnexion \u00e9lectrique entre la Tunisie et l\u2019Italie, baptis\u00e9 \u00ab Elmed \u00bb, franchissent une \u00e9tape d\u00e9cisive. Selon le secr\u00e9taire d\u2019\u00c9tat charg\u00e9 de la transition \u00e9nerg\u00e9tique, Wael Chouchane, la quasi-totalit\u00e9 des contrats relatifs \u00e0 la r\u00e9alisation de cette infrastructure strat\u00e9gique ont \u00e9t\u00e9 sign\u00e9s.<\/p>\n<p>S\u2019exprimant mardi 21 avril 2026 sur les ondes de la radio nationale, il a pr\u00e9cis\u00e9 que le lancement effectif des travaux est pr\u00e9vu dans le courant de cette ann\u00e9e, avec une entr\u00e9e en exploitation \u00e0 l\u2019horizon 2030. Le co\u00fbt global du projet d\u00e9passe le milliard d\u2019euros.<\/p>\n<p>Un projet strat\u00e9gique pour l\u2019\u00e9nergie<\/p>\n<p>Dans le d\u00e9tail, l\u2019interconnexion  repose sur la mise en place d\u2019un c\u00e2ble sous-marin de 220 kilom\u00e8tres, fonctionnant en courant continu \u00e0 haute tension (HVDC), avec une capacit\u00e9 de 600 m\u00e9gawatts et une tension de 500 kilovolts. Deux stations de conversion \u00e9lectrique, situ\u00e9es de part et d\u2019autre de la M\u00e9diterran\u00e9e, viendront compl\u00e9ter ce dispositif afin d\u2019assurer la liaison entre les r\u00e9seaux \u00e9lectriques des deux pays.<\/p>\n<p>Le projet \u00ab Almad \u00bb s\u2019inscrit dans une logique d\u2019int\u00e9gration \u00e9nerg\u00e9tique entre la Tunisie et l\u2019Europe, via l\u2019Italie. Il vise \u00e0 renforcer la s\u00e9curit\u00e9 \u00e9nerg\u00e9tique du pays, en diversifiant les sources d\u2019approvisionnement et en facilitant les \u00e9changes d\u2019\u00e9lectricit\u00e9.<\/p>\n<p class=\"has-medium-font-size\">Lire aussi :\u00a0<a href=\"https:\/\/www.webdo.tn\/fr\/actualite\/national\/tunisie-italie-linterconnexion-elmed-premiere-liaison-en-courant-continu-entre-leurope-et-lafrique\/384072\/\" rel=\"nofollow noopener\" target=\"_blank\">Tunisie \u2013 Italie : Elmed, \u00ab\u00a0premi\u00e8re liaison en courant continu entre l\u2019Europe et l\u2019Afrique\u00a0\u00bb<\/a> <\/p>\n<p>Cette interconnexion permettra notamment \u00e0 la Tunisie d\u2019exporter, \u00e0 terme, une partie de sa production d\u2019\u00e9lectricit\u00e9, en particulier issue des \u00e9nergies renouvelables, vers le march\u00e9 europ\u00e9en. \u00c0 l\u2019inverse, elle offrira aussi la possibilit\u00e9 d\u2019importer de l\u2019\u00e9lectricit\u00e9 en cas de besoin, contribuant ainsi \u00e0 stabiliser le r\u00e9seau national.<\/p>\n<p>Soutenu par des institutions europ\u00e9ennes<\/p>\n<p>Port\u00e9 par la Soci\u00e9t\u00e9 tunisienne de l\u2019\u00e9lectricit\u00e9 et du gaz c\u00f4t\u00e9 tunisien, en partenariat avec l\u2019op\u00e9rateur italien Terna, ce projet b\u00e9n\u00e9ficie d\u2019un int\u00e9r\u00eat strat\u00e9gique pour les deux rives de la M\u00e9diterran\u00e9e. Il est \u00e9galement soutenu par des institutions europ\u00e9ennes dans le cadre de la transition \u00e9nerg\u00e9tique et du d\u00e9veloppement des interconnexions transfrontali\u00e8res.<\/p>\n<p>Au-del\u00e0 de son aspect technique, \u00ab Elmed \u00bb est per\u00e7u comme un levier de transformation du mix \u00e9nerg\u00e9tique tunisien, en accompagnant le d\u00e9veloppement des \u00e9nergies renouvelables et en int\u00e9grant davantage le pays dans les r\u00e9seaux \u00e9nerg\u00e9tiques r\u00e9gionaux.<\/p>\n","protected":false},"excerpt":{"rendered":"Les pr\u00e9paratifs du projet d\u2019interconnexion \u00e9lectrique entre la Tunisie et l\u2019Italie, baptis\u00e9 \u00ab Elmed \u00bb, franchissent une \u00e9tape&hellip;\n","protected":false},"author":2,"featured_media":34859,"comment_status":"","ping_status":"","sticky":false,"template":"","format":"standard","meta":{"footnotes":"","_share_on_mastodon":"0"},"categories":[120],"tags":[11660,893,124],"class_list":["post-81799","post","type-post","status-publish","format-standard","has-post-thumbnail","category-tunisie","tag-elmed","tag-italie","tag-tunisie"],"share_on_mastodon":{"url":"https:\/\/pubeurope.com\/@afrique\/116442975766467658","error":""},"_links":{"self":[{"href":"https:\/\/www.europesays.com\/afrique\/wp-json\/wp\/v2\/posts\/81799","targetHints":{"allow":["GET"]}}],"collection":[{"href":"https:\/\/www.europesays.com\/afrique\/wp-json\/wp\/v2\/posts"}],"about":[{"href":"https:\/\/www.europesays.com\/afrique\/wp-json\/wp\/v2\/types\/post"}],"author":[{"embeddable":true,"href":"https:\/\/www.europesays.com\/afrique\/wp-json\/wp\/v2\/users\/2"}],"replies":[{"embeddable":true,"href":"https:\/\/www.europesays.com\/afrique\/wp-json\/wp\/v2\/comments?post=81799"}],"version-history":[{"count":0,"href":"https:\/\/www.europesays.com\/afrique\/wp-json\/wp\/v2\/posts\/81799\/revisions"}],"wp:featuredmedia":[{"embeddable":true,"href":"https:\/\/www.europesays.com\/afrique\/wp-json\/wp\/v2\/media\/34859"}],"wp:attachment":[{"href":"https:\/\/www.europesays.com\/afrique\/wp-json\/wp\/v2\/media?parent=81799"}],"wp:term":[{"taxonomy":"category","embeddable":true,"href":"https:\/\/www.europesays.com\/afrique\/wp-json\/wp\/v2\/categories?post=81799"},{"taxonomy":"post_tag","embeddable":true,"href":"https:\/\/www.europesays.com\/afrique\/wp-json\/wp\/v2\/tags?post=81799"}],"curies":[{"name":"wp","href":"https:\/\/api.w.org\/{rel}","templated":true}]}}