{"id":85258,"date":"2026-04-25T12:31:41","date_gmt":"2026-04-25T12:31:41","guid":{"rendered":"https:\/\/www.europesays.com\/afrique\/85258\/"},"modified":"2026-04-25T12:31:41","modified_gmt":"2026-04-25T12:31:41","slug":"affaire-djiby-drame-de-dakar-a-saly-les-coulisses-dune-operation-coordonnee","status":"publish","type":"post","link":"https:\/\/www.europesays.com\/afrique\/85258\/","title":{"rendered":"Affaire Djiby Dram\u00e9 &#8211; De Dakar \u00e0 Saly : les coulisses d\u2019une op\u00e9ration coordonn\u00e9e"},"content":{"rendered":"<p>L\u2019enqu\u00eate men\u00e9e autour du chanteur Djiby Dram\u00e9 continue de livrer ses d\u00e9veloppements, avec la pr\u00e9sentation de six suspects devant le juge d\u2019instruction du premier cabinet pr\u00e8s le Tribunal de grande instance de Pikine-Gu\u00e9diawaye.<\/p>\n<p>Interpell\u00e9s en d\u00e9but de semaine lors d\u2019op\u00e9rations coordonn\u00e9es entre Dakar et la Petite-C\u00f4te, ces individus ont \u00e9t\u00e9 d\u00e9f\u00e9r\u00e9s ce vendredi 24 avril 2026 par la Brigade de recherches de Keur Massar. \u00c0 l\u2019issue de leur audition, le magistrat instructeur a d\u00e9cid\u00e9 de leur inculpation. Trois d\u2019entre eux ont \u00e9t\u00e9 plac\u00e9s sous mandat de d\u00e9p\u00f4t, tandis que les trois autres ont \u00e9t\u00e9 remis sous contr\u00f4le judiciaire, selon des sources proches du dossier.<\/p>\n<p>D\u2019apr\u00e8s les \u00e9l\u00e9ments de l\u2019enqu\u00eate, ces six personnes entretiendraient des liens personnels avec l\u2019artiste, des connexions \u00e9tablies \u00e0 partir de donn\u00e9es issues de l\u2019exploitation de leurs t\u00e9l\u00e9phones par les enqu\u00eateurs.<\/p>\n<p>Les arrestations se sont d\u00e9roul\u00e9es en plusieurs phases. Le premier suspect a \u00e9t\u00e9 localis\u00e9 \u00e0 Saly gr\u00e2ce \u00e0 une op\u00e9ration conjointe avec les \u00e9l\u00e9ments de la Brigade de recherches locale, relevant de la compagnie de gendarmerie de Mbour. Par la suite, d\u2019autres interpellations ont eu lieu \u00e0 Grand-Yoff, o\u00f9 deux individus ont \u00e9t\u00e9 arr\u00eat\u00e9s, ainsi que dans la Zone de Captage, lors d\u2019une op\u00e9ration men\u00e9e par des agents en civil.<\/p>\n<p>Les investigations ont \u00e9galement conduit les forces de l\u2019ordre \u00e0 Pikine, o\u00f9 un autre suspect a \u00e9t\u00e9 appr\u00e9hend\u00e9, avant qu\u2019un dernier individu ne soit localis\u00e9 \u00e0 Kounoune, dans le d\u00e9partement de Rufisque.<\/p>\n","protected":false},"excerpt":{"rendered":"L\u2019enqu\u00eate men\u00e9e autour du chanteur Djiby Dram\u00e9 continue de livrer ses d\u00e9veloppements, avec la pr\u00e9sentation de six suspects&hellip;\n","protected":false},"author":2,"featured_media":85259,"comment_status":"","ping_status":"","sticky":false,"template":"","format":"standard","meta":{"footnotes":"","_share_on_mastodon":"0"},"categories":[84],"tags":[31291,31292,31293,15855,30731,8395,27635,18339,27936,31294,31295,11,31296],"class_list":["post-85258","post","type-post","status-publish","format-standard","has-post-thumbnail","category-senegal","tag-arrestations-senegal","tag-djiby-drame","tag-enquete-judiciaire-dakar","tag-faits-divers-dakar","tag-gendarmerie-senegal","tag-grand-yoff","tag-justice-senegal","tag-keur-massar","tag-pikine-guediawaye","tag-rufisque-kounoune","tag-saly-mbour","tag-senegal","tag-zone-de-captage"],"share_on_mastodon":{"url":"https:\/\/pubeurope.com\/@afrique\/116465361486322074","error":""},"_links":{"self":[{"href":"https:\/\/www.europesays.com\/afrique\/wp-json\/wp\/v2\/posts\/85258","targetHints":{"allow":["GET"]}}],"collection":[{"href":"https:\/\/www.europesays.com\/afrique\/wp-json\/wp\/v2\/posts"}],"about":[{"href":"https:\/\/www.europesays.com\/afrique\/wp-json\/wp\/v2\/types\/post"}],"author":[{"embeddable":true,"href":"https:\/\/www.europesays.com\/afrique\/wp-json\/wp\/v2\/users\/2"}],"replies":[{"embeddable":true,"href":"https:\/\/www.europesays.com\/afrique\/wp-json\/wp\/v2\/comments?post=85258"}],"version-history":[{"count":0,"href":"https:\/\/www.europesays.com\/afrique\/wp-json\/wp\/v2\/posts\/85258\/revisions"}],"wp:featuredmedia":[{"embeddable":true,"href":"https:\/\/www.europesays.com\/afrique\/wp-json\/wp\/v2\/media\/85259"}],"wp:attachment":[{"href":"https:\/\/www.europesays.com\/afrique\/wp-json\/wp\/v2\/media?parent=85258"}],"wp:term":[{"taxonomy":"category","embeddable":true,"href":"https:\/\/www.europesays.com\/afrique\/wp-json\/wp\/v2\/categories?post=85258"},{"taxonomy":"post_tag","embeddable":true,"href":"https:\/\/www.europesays.com\/afrique\/wp-json\/wp\/v2\/tags?post=85258"}],"curies":[{"name":"wp","href":"https:\/\/api.w.org\/{rel}","templated":true}]}}