{"id":85315,"date":"2026-04-25T14:06:11","date_gmt":"2026-04-25T14:06:11","guid":{"rendered":"https:\/\/www.europesays.com\/afrique\/85315\/"},"modified":"2026-04-25T14:06:11","modified_gmt":"2026-04-25T14:06:11","slug":"echappees-belles-ismael-khelifa-explore-louganda-sur-france-5","status":"publish","type":"post","link":"https:\/\/www.europesays.com\/afrique\/85315\/","title":{"rendered":"\u00c9chapp\u00e9es belles : Isma\u00ebl Khelifa explore l\u2019Ouganda sur France 5"},"content":{"rendered":"<p>Avec Isma\u00ebl Khelifa, le magazine invite \u00e0 d\u00e9couvrir un pays encore pr\u00e9serv\u00e9, entre nature spectaculaire et rencontres humaines, ce samedi 25 avril sur France 5.<\/p>\n<p>Un voyage au c\u0153ur de la \u00ab perle de l\u2019Afrique \u00bb<\/p>\n<p>Une immersion entre paysages et cultures<\/p>\n<p>Direction l\u2019Afrique de l\u2019Est pour un nouveau num\u00e9ro d\u2019<a href=\"https:\/\/tv-programme.com\/echappees-belles-magazine\" rel=\"nofollow noopener\" target=\"_blank\">Echapp\u00e9es belles<\/a>. <a href=\"https:\/\/tv-programme.com\/ismael-khelifa-people-p103426\" rel=\"nofollow noopener\" target=\"_blank\">Isma\u00ebl Khelifa<\/a> pose ses valises en <a href=\"https:\/\/tv-programme.com\/echappees-belles-magazine\/ouganda-une-aventure-inoubliable-e1134898\" rel=\"nofollow noopener\" target=\"_blank\">Ouganda<\/a>, un pays souvent m\u00e9connu, mais r\u00e9put\u00e9 pour la richesse de ses paysages et de sa biodiversit\u00e9.<br \/>Des rives du lac Victoria \u00e0 la for\u00eat imp\u00e9n\u00e9trable de Bwindi, refuge des gorilles des montagnes, l\u2019\u00e9mission propose un itin\u00e9raire vari\u00e9. Le parc national Queen Elizabeth, class\u00e9 r\u00e9serve de biosph\u00e8re par l\u2019Unesco, ou encore la ville de Jinja, consid\u00e9r\u00e9e comme la source du Nil blanc, figurent aussi au programme.<br \/>Au fil du voyage, le pr\u00e9sentateur part \u00e0 la rencontre d\u2019habitants qui fa\u00e7onnent le quotidien local, entre traditions, gastronomie et savoir-faire.<\/p>\n<p>Un pays entre pr\u00e9servation et \u00e9quilibre<\/p>\n<p>Des enjeux \u00e9conomiques et environnementaux<\/p>\n<p>Ancien protectorat britannique devenu ind\u00e9pendant en 1962, l\u2019Ouganda a travers\u00e9 des d\u00e9cennies agit\u00e9es avant de retrouver une relative stabilit\u00e9. Aujourd\u2019hui, son d\u00e9veloppement repose en grande partie sur l\u2019agriculture et un tourisme encore discret, loin des flux observ\u00e9s au Kenya ou en Tanzanie.<br \/>Cette situation contribue \u00e0 pr\u00e9server des paysages encore largement intacts, mais pose aussi la question de l\u2019\u00e9quilibre \u00e9conomique. Sur le terrain, de nombreux acteurs locaux s\u2019engagent pour prot\u00e9ger les ressources naturelles tout en soutenant les communaut\u00e9s.<br \/>Ce regard sur les initiatives locales apporte une dimension concr\u00e8te au voyage, au-del\u00e0 de la simple d\u00e9couverte visuelle.<\/p>\n<p>Une aventure humaine fid\u00e8le \u00e0 l\u2019ADN du programme<\/p>\n<p>Des rencontres au c\u0153ur du r\u00e9cit<\/p>\n<p>Fid\u00e8le \u00e0 l\u2019esprit d\u2019\u00c9chapp\u00e9es belles, ce num\u00e9ro privil\u00e9gie les \u00e9changes et les parcours de vie. Plus qu\u2019un catalogue de paysages, l\u2019\u00e9mission construit son r\u00e9cit autour des femmes et des hommes rencontr\u00e9s.<br \/>Depuis plusieurs saisons, le magazine s\u2019attache \u00e0 montrer des destinations sous un angle incarn\u00e9, en valorisant celles et ceux qui les font vivre. Ce choix \u00e9ditorial trouve ici un \u00e9cho particulier dans un pays o\u00f9 la pr\u00e9servation du patrimoine naturel d\u00e9pend directement de l\u2019engagement humain.<br \/>Dans ce contexte, l\u2019Ouganda appara\u00eet comme une destination en devenir, \u00e0 la fois fragile et prometteuse, qui pourrait susciter l\u2019int\u00e9r\u00eat de voyageurs en qu\u00eate d\u2019exp\u00e9riences plus responsables.<\/p>\n<p>Diffus\u00e9 ce samedi 25 avril \u00e0 21h05 sur <a href=\"https:\/\/tv-programme.com\/france-5\" rel=\"nofollow noopener\" target=\"_blank\">France 5<\/a>, ce num\u00e9ro in\u00e9dit, <a href=\"https:\/\/tv-programme.com\/echappees-belles-magazine\/ouganda-une-aventure-inoubliable-e1134898\" rel=\"nofollow noopener\" target=\"_blank\">Echapp\u00e9es belles &#8211; Ouganda, une aventure inoubliable<\/a>,\u00a0propose ainsi une parenth\u00e8se d\u00e9paysante, entre d\u00e9couverte et r\u00e9flexion sur les formes de tourisme \u00e0 venir.<\/p>\n","protected":false},"excerpt":{"rendered":"Avec Isma\u00ebl Khelifa, le magazine invite \u00e0 d\u00e9couvrir un pays encore pr\u00e9serv\u00e9, entre nature spectaculaire et rencontres humaines,&hellip;\n","protected":false},"author":2,"featured_media":85316,"comment_status":"","ping_status":"","sticky":false,"template":"","format":"standard","meta":{"footnotes":"","_share_on_mastodon":"0"},"categories":[177],"tags":[31320,31309,31312,31319,26493,31314,31313,314,31316,31317,31318,31311,31315,31308,31322,31321,11430,31310],"class_list":["post-85315","post","type-post","status-publish","format-standard","has-post-thumbnail","category-ouganda","tag-a-la-tv","tag-ce-soir-tv","tag-complet","tag-en-ce-moment-tv","tag-gratuit","tag-guide-tele","tag-guide-tv","tag-ouganda","tag-programme-canalsat","tag-programme-freebox","tag-programme-orange","tag-programme-tele","tag-programme-tnt","tag-programme-tv","tag-que-regarder-a-la-tv","tag-regarder-la-tv","tag-replay","tag-soiree-tv"],"share_on_mastodon":{"url":"https:\/\/pubeurope.com\/@afrique\/116465734968177237","error":""},"_links":{"self":[{"href":"https:\/\/www.europesays.com\/afrique\/wp-json\/wp\/v2\/posts\/85315","targetHints":{"allow":["GET"]}}],"collection":[{"href":"https:\/\/www.europesays.com\/afrique\/wp-json\/wp\/v2\/posts"}],"about":[{"href":"https:\/\/www.europesays.com\/afrique\/wp-json\/wp\/v2\/types\/post"}],"author":[{"embeddable":true,"href":"https:\/\/www.europesays.com\/afrique\/wp-json\/wp\/v2\/users\/2"}],"replies":[{"embeddable":true,"href":"https:\/\/www.europesays.com\/afrique\/wp-json\/wp\/v2\/comments?post=85315"}],"version-history":[{"count":0,"href":"https:\/\/www.europesays.com\/afrique\/wp-json\/wp\/v2\/posts\/85315\/revisions"}],"wp:featuredmedia":[{"embeddable":true,"href":"https:\/\/www.europesays.com\/afrique\/wp-json\/wp\/v2\/media\/85316"}],"wp:attachment":[{"href":"https:\/\/www.europesays.com\/afrique\/wp-json\/wp\/v2\/media?parent=85315"}],"wp:term":[{"taxonomy":"category","embeddable":true,"href":"https:\/\/www.europesays.com\/afrique\/wp-json\/wp\/v2\/categories?post=85315"},{"taxonomy":"post_tag","embeddable":true,"href":"https:\/\/www.europesays.com\/afrique\/wp-json\/wp\/v2\/tags?post=85315"}],"curies":[{"name":"wp","href":"https:\/\/api.w.org\/{rel}","templated":true}]}}