{"id":86172,"date":"2026-04-26T18:47:09","date_gmt":"2026-04-26T18:47:09","guid":{"rendered":"https:\/\/www.europesays.com\/afrique\/86172\/"},"modified":"2026-04-26T18:47:09","modified_gmt":"2026-04-26T18:47:09","slug":"passeport-algerien-cni-service-militaire-le-consulat-dalgerie-a-nantes-se-deplace","status":"publish","type":"post","link":"https:\/\/www.europesays.com\/afrique\/86172\/","title":{"rendered":"Passeport alg\u00e9rien, CNI, service militaire : le consulat d\u2019Alg\u00e9rie \u00e0 Nantes se d\u00e9place"},"content":{"rendered":"<p style=\"font-weight: 400;\">\u00c0\u00a0l\u2019approche de la saison estivale et pour permettre aux personnes qui r\u00e9sident loin du si\u00e8ge de la repr\u00e9sentation consulaire, le consulat d\u2019Alg\u00e9rie \u00e0 Nantes a annonc\u00e9 une nouvelle <a href=\"https:\/\/www.visa-algerie.com\/passeport-algerien-cni-nouveau-consulat-mobile-annonce-en-france-voici-comment-sinscrire\/\" data-saferedirecturl=\"https:\/\/www.google.com\/url?q=https:\/\/www.visa-algerie.com\/passeport-algerien-cni-nouveau-consulat-mobile-annonce-en-france-voici-comment-sinscrire\/&amp;source=gmail&amp;ust=1777311048248000&amp;usg=AOvVaw2122DB8kmbNNDbJ49km5li\" rel=\"nofollow noopener\" target=\"_blank\">permanence consulaire<\/a>\u00a0dans la ville du Mans et ses environs.<\/p>\n<p style=\"font-weight: 400;\">Plusieurs prestations sont au programme de ce consulat mobile de proximit\u00e9, pr\u00e9vu pour le 3 mai prochain, a indiqu\u00e9 la repr\u00e9sentation consulaire dans un communiqu\u00e9 rendu public ce samedi 25 avril.<\/p>\n<p>Consulat mobile en faveur des Alg\u00e9riens de la ville du Mans<\/p>\n<p style=\"font-weight: 400;\">\u00ab\u00a0Le consulat d\u2019Alg\u00e9rie \u00e0 Nantes informe les ressortissants alg\u00e9riens \u00e9tablis dans la ville du Mans et ses environs qu\u2019une permanence consulaire aura lieu le 3 mai 2026, de 9 h \u00e0 14 h 30\u00a0\u00bb, peut-on lire dans le document.<\/p>\n<p style=\"font-weight: 400;\">Plus exactement, la permanence consulaire programm\u00e9e sera assur\u00e9e \u00e0 l\u2019adresse ASAF \u2013 10 Rue d\u2019Espagne 72100 Le Mans.<\/p>\n<p style=\"font-weight: 400;\">Les ressortissants alg\u00e9riens \u00e9tablis dans la r\u00e9gion pourront, entre autres, d\u00e9poser leurs dossiers de demande de passeport biom\u00e9trique et retirer leurs passeports et cartes d\u2019identit\u00e9 nationales d\u00e9j\u00e0 \u00e9tablis.<\/p>\n<p style=\"font-weight: 400;\">La permanence sera aussi consacr\u00e9e \u00e0 l\u2019\u00e9tablissement des procurations, \u00e0 la remise des attestations de sursis et des cartes de dispense du service national, \u00e0 l\u2019\u00e9tablissement de casiers judiciaires, \u00e0 l\u2019\u00e9tablissement de certificats de vie et \u00e0 l\u2019\u00e9tablissement de certificats de coutume\/c\u00e9libat.<\/p>\n<p>\u00ab\u00a0Chaque personne, y compris les mineurs, doit soumettre un formulaire s\u00e9par\u00e9\u00a0\u00bb\u00a0<\/p>\n<p style=\"font-weight: 400;\">D\u2019autres services seront aussi assur\u00e9s, dont la d\u00e9livrance de certificat de capacit\u00e9 de permis de conduire, la r\u00e9ception des dossiers de transcription des actes d\u2019\u00e9tat civil (naissance, mariage) et la r\u00e9ception des demandes d\u2019immatriculation consulaire (premi\u00e8re demande et renouvellement).<\/p>\n<p style=\"font-weight: 400;\">Afin de garantir le bon d\u00e9roulement de cette permanence, le consulat invite les ressortissants int\u00e9ress\u00e9s par l\u2019une des prestations susmentionn\u00e9es \u00e0 s\u2019inscrire avant le 3 avril 2026 \u00e0 9 h en utilisant le formulaire suivant :\u00a0<a href=\"https:\/\/urls.fr\/IPEWFs\" data-saferedirecturl=\"https:\/\/www.google.com\/url?q=https:\/\/urls.fr\/IPEWFs&amp;source=gmail&amp;ust=1777311048248000&amp;usg=AOvVaw0gwP9XsOevqCCgyGAZOnXM\" rel=\"nofollow noopener\" target=\"_blank\">https:\/\/urls.fr\/IPEWFs<\/a><\/p>\n<p style=\"font-weight: 400;\">\u00ab\u00a0Veuillez \u00e9galement noter que chaque personne, y compris les mineurs, doit soumettre un formulaire s\u00e9par\u00e9\u00a0\u00bb, ajoute encore le consulat d\u2019Alg\u00e9rie \u00e0 Nantes.<\/p>\n","protected":false},"excerpt":{"rendered":"\u00c0\u00a0l\u2019approche de la saison estivale et pour permettre aux personnes qui r\u00e9sident loin du si\u00e8ge de la repr\u00e9sentation&hellip;\n","protected":false},"author":2,"featured_media":86173,"comment_status":"","ping_status":"","sticky":false,"template":"","format":"standard","meta":{"footnotes":"","_share_on_mastodon":"0"},"categories":[85],"tags":[116,6908,7625,31586],"class_list":["post-86172","post","type-post","status-publish","format-standard","has-post-thumbnail","category-algerie","tag-algerie","tag-consulat","tag-nantes","tag-permanence"],"share_on_mastodon":{"url":"https:\/\/pubeurope.com\/@afrique\/116472502313619930","error":""},"_links":{"self":[{"href":"https:\/\/www.europesays.com\/afrique\/wp-json\/wp\/v2\/posts\/86172","targetHints":{"allow":["GET"]}}],"collection":[{"href":"https:\/\/www.europesays.com\/afrique\/wp-json\/wp\/v2\/posts"}],"about":[{"href":"https:\/\/www.europesays.com\/afrique\/wp-json\/wp\/v2\/types\/post"}],"author":[{"embeddable":true,"href":"https:\/\/www.europesays.com\/afrique\/wp-json\/wp\/v2\/users\/2"}],"replies":[{"embeddable":true,"href":"https:\/\/www.europesays.com\/afrique\/wp-json\/wp\/v2\/comments?post=86172"}],"version-history":[{"count":0,"href":"https:\/\/www.europesays.com\/afrique\/wp-json\/wp\/v2\/posts\/86172\/revisions"}],"wp:featuredmedia":[{"embeddable":true,"href":"https:\/\/www.europesays.com\/afrique\/wp-json\/wp\/v2\/media\/86173"}],"wp:attachment":[{"href":"https:\/\/www.europesays.com\/afrique\/wp-json\/wp\/v2\/media?parent=86172"}],"wp:term":[{"taxonomy":"category","embeddable":true,"href":"https:\/\/www.europesays.com\/afrique\/wp-json\/wp\/v2\/categories?post=86172"},{"taxonomy":"post_tag","embeddable":true,"href":"https:\/\/www.europesays.com\/afrique\/wp-json\/wp\/v2\/tags?post=86172"}],"curies":[{"name":"wp","href":"https:\/\/api.w.org\/{rel}","templated":true}]}}