{"id":87135,"date":"2026-04-27T21:56:09","date_gmt":"2026-04-27T21:56:09","guid":{"rendered":"https:\/\/www.europesays.com\/afrique\/87135\/"},"modified":"2026-04-27T21:56:09","modified_gmt":"2026-04-27T21:56:09","slug":"grand-yoff-une-affaire-de-paris-sportifs-se-transforme-en-rixe-deux-individus-interpelles","status":"publish","type":"post","link":"https:\/\/www.europesays.com\/afrique\/87135\/","title":{"rendered":"Grand Yoff : une affaire de paris sportifs se transforme en rixe, deux individus interpell\u00e9s"},"content":{"rendered":"<p>\n\t\t\t\t\t Le Commissariat d\u2019arrondissement de Grand Yoff a interpell\u00e9 le 25 avril 2026 deux individus pour participation \u00e0 une \u00ab\u00a0rixe sur la voie publique, violences et voies de fait, et trouble \u00e0 l\u2019ordre public\u00a0\u00bb. <br \/>\u00a0 <br \/>Selon la Police nationale, c\u2019est aux environs de 21 heures, lors d\u2019une patrouille de s\u00e9curisation cons\u00e9cutive au gala de lutte \u00e0 l\u2019Ar\u00e8ne nationale, que les \u00e9l\u00e9ments du service sont intervenus pour mettre fin \u00e0 un affrontement violent au quartier Arafat. <br \/>\u00a0 <br \/>Les premi\u00e8res constatations font \u00e9tat d\u2019un diff\u00e9rend li\u00e9 \u00e0 des paris sportifs informels. Plusieurs groupes auraient en effet engag\u00e9 des mises importantes sur l&rsquo;issue d&rsquo;un combat impliquant un lutteur r\u00e9sidant dans ledit quartier. \u00c0 l\u2019issue de la confrontation, les \u00ab\u00a0gagnants\u00a0\u00bb se sont rendus au sous-quartier dit \u00ab Senzella \u00bb pour recouvrer leurs gains. Le refus cat\u00e9gorique des \u00ab\u00a0perdants\u00a0\u00bb d&rsquo;honorer leurs engagements a alors d\u00e9clench\u00e9 les hostilit\u00e9s. <br \/>\u00a0 <br \/>Au cours de l\u2019altercation, les protagonistes ont fait usage de projectiles (jets de pierres) et d&rsquo;armes par destination (tessons de bouteilles), cr\u00e9ant un climat d\u2019ins\u00e9curit\u00e9 et une inqui\u00e9tude g\u00e9n\u00e9rale parmi les riverains. Malgr\u00e9 la confusion de l\u2019\u00e9chauffour\u00e9e, l&rsquo;intervention rapide des \u00e9l\u00e9ments de la Brigade de recherche du Commissariat d\u2019arrondissement de Grand Yoff a permis l\u2019interpellation de deux (02) individus. <br \/>\u00a0 <br \/>Par ailleurs, six (06) motocyclettes, abandonn\u00e9es sur place par les fauteurs de troubles en fuite, ont \u00e9t\u00e9 saisies et conduites au si\u00e8ge du service pour les besoins de l&rsquo;enqu\u00eate.\n\t\t\t\t <\/p>\n","protected":false},"excerpt":{"rendered":"Le Commissariat d\u2019arrondissement de Grand Yoff a interpell\u00e9 le 25 avril 2026 deux individus pour participation \u00e0 une&hellip;\n","protected":false},"author":2,"featured_media":87136,"comment_status":"","ping_status":"","sticky":false,"template":"","format":"standard","meta":{"footnotes":"","_share_on_mastodon":"0"},"categories":[84],"tags":[31984,31985,11],"class_list":["post-87135","post","type-post","status-publish","format-standard","has-post-thumbnail","category-senegal","tag-deux-individus-interpelles","tag-grand-yoff-une-affaire-de-paris-sportifs-se-transforme-en-rixe","tag-senegal"],"share_on_mastodon":{"url":"https:\/\/pubeurope.com\/@afrique\/116478907761185544","error":""},"_links":{"self":[{"href":"https:\/\/www.europesays.com\/afrique\/wp-json\/wp\/v2\/posts\/87135","targetHints":{"allow":["GET"]}}],"collection":[{"href":"https:\/\/www.europesays.com\/afrique\/wp-json\/wp\/v2\/posts"}],"about":[{"href":"https:\/\/www.europesays.com\/afrique\/wp-json\/wp\/v2\/types\/post"}],"author":[{"embeddable":true,"href":"https:\/\/www.europesays.com\/afrique\/wp-json\/wp\/v2\/users\/2"}],"replies":[{"embeddable":true,"href":"https:\/\/www.europesays.com\/afrique\/wp-json\/wp\/v2\/comments?post=87135"}],"version-history":[{"count":0,"href":"https:\/\/www.europesays.com\/afrique\/wp-json\/wp\/v2\/posts\/87135\/revisions"}],"wp:featuredmedia":[{"embeddable":true,"href":"https:\/\/www.europesays.com\/afrique\/wp-json\/wp\/v2\/media\/87136"}],"wp:attachment":[{"href":"https:\/\/www.europesays.com\/afrique\/wp-json\/wp\/v2\/media?parent=87135"}],"wp:term":[{"taxonomy":"category","embeddable":true,"href":"https:\/\/www.europesays.com\/afrique\/wp-json\/wp\/v2\/categories?post=87135"},{"taxonomy":"post_tag","embeddable":true,"href":"https:\/\/www.europesays.com\/afrique\/wp-json\/wp\/v2\/tags?post=87135"}],"curies":[{"name":"wp","href":"https:\/\/api.w.org\/{rel}","templated":true}]}}