{"id":87213,"date":"2026-04-28T00:05:12","date_gmt":"2026-04-28T00:05:12","guid":{"rendered":"https:\/\/www.europesays.com\/afrique\/87213\/"},"modified":"2026-04-28T00:05:12","modified_gmt":"2026-04-28T00:05:12","slug":"grand-yoff-deux-interpellations-apres-une-rixe-liee-a-des-paris-sportifs-six-motos-saisies","status":"publish","type":"post","link":"https:\/\/www.europesays.com\/afrique\/87213\/","title":{"rendered":"Grand Yoff : deux interpellations apr\u00e8s une rixe li\u00e9e \u00e0 des paris sportifs, six motos saisies"},"content":{"rendered":"<p class=\"firstp\">\nUne violente altercation a \u00e9clat\u00e9 samedi soir au quartier Arafat, \u00e0 Grand Yoff, en marge d\u2019un gala de lutte organis\u00e9 \u00e0 l\u2019Ar\u00e8ne nationale. L\u2019intervention rapide des \u00e9l\u00e9ments du commissariat d\u2019arrondissement a permis d\u2019interpeller deux individus et de ramener le calme dans la zone.<\/p>\n<p data-start=\"282\" data-end=\"568\">Les faits se sont d\u00e9roul\u00e9s le 25 avril 2026, aux environs de 21 heures. En patrouille de s\u00e9curisation apr\u00e8s l\u2019\u00e9v\u00e9nement de lutte, les policiers ont \u00e9t\u00e9 alert\u00e9s d\u2019une rixe opposant plusieurs groupes de jeunes. Sur place, ils d\u00e9couvrent une sc\u00e8ne de confrontation particuli\u00e8rement tendue.\n<\/p>\n<p data-start=\"570\" data-end=\"975\">Selon les premiers \u00e9l\u00e9ments de l\u2019enqu\u00eate, l\u2019origine du diff\u00e9rend serait li\u00e9e \u00e0 des paris sportifs informels autour d\u2019un combat de lutte impliquant un habitant du quartier. Apr\u00e8s l\u2019issue du combat, les parieurs ayant remport\u00e9 les mises se seraient rendus dans le sous-quartier \u00ab Senzella \u00bb pour r\u00e9clamer leur argent. Le refus des perdants d\u2019honorer leurs engagements a rapidement d\u00e9g\u00e9n\u00e9r\u00e9 en affrontements.\n<\/p>\n<p data-start=\"977\" data-end=\"1263\">Au cours de la bagarre, les protagonistes ont fait usage de pierres et de tessons de bouteilles, semant la panique parmi les riverains et perturbant l\u2019ordre public. Face \u00e0 la situation, les forces de l\u2019ordre sont intervenues pour disperser les groupes et proc\u00e9der \u00e0 des <a href=\"https:\/\/www.senenews.com\/actualites\/partenaire-du-chanteur-ass-dione-un-agent-de-la-senelec-de-mbacke-arrete-2-nouvelles-interpellations-a-dakar_581373.html\" rel=\"nofollow noopener\" target=\"_blank\">interpellations<\/a>.\n<\/p>\n<p data-start=\"1265\" data-end=\"1548\">Deux individus ont \u00e9t\u00e9 arr\u00eat\u00e9s pour rixe sur la voie publique, violences et voies de fait, ainsi que trouble \u00e0 l\u2019ordre public. Par ailleurs, six motocyclettes abandonn\u00e9es par des participants en fuite ont \u00e9t\u00e9 saisies et achemin\u00e9es au commissariat dans le cadre de l\u2019enqu\u00eate en cours.\n<\/p>\n<p data-start=\"1550\" data-end=\"1666\" data-is-last-node=\"\" data-is-only-node=\"\">Les investigations se poursuivent pour identifier et interpeller les autres personnes impliqu\u00e9es dans ces violences.<\/p>\n","protected":false},"excerpt":{"rendered":"Une violente altercation a \u00e9clat\u00e9 samedi soir au quartier Arafat, \u00e0 Grand Yoff, en marge d\u2019un gala de&hellip;\n","protected":false},"author":2,"featured_media":87214,"comment_status":"","ping_status":"","sticky":false,"template":"","format":"standard","meta":{"footnotes":"","_share_on_mastodon":"0"},"categories":[84],"tags":[8395,2268,11,114,115],"class_list":["post-87213","post","type-post","status-publish","format-standard","has-post-thumbnail","category-senegal","tag-grand-yoff","tag-paris-sportifs","tag-senegal","tag-senegal-actualites","tag-societe"],"share_on_mastodon":{"url":"https:\/\/pubeurope.com\/@afrique\/116479414974097758","error":""},"_links":{"self":[{"href":"https:\/\/www.europesays.com\/afrique\/wp-json\/wp\/v2\/posts\/87213","targetHints":{"allow":["GET"]}}],"collection":[{"href":"https:\/\/www.europesays.com\/afrique\/wp-json\/wp\/v2\/posts"}],"about":[{"href":"https:\/\/www.europesays.com\/afrique\/wp-json\/wp\/v2\/types\/post"}],"author":[{"embeddable":true,"href":"https:\/\/www.europesays.com\/afrique\/wp-json\/wp\/v2\/users\/2"}],"replies":[{"embeddable":true,"href":"https:\/\/www.europesays.com\/afrique\/wp-json\/wp\/v2\/comments?post=87213"}],"version-history":[{"count":0,"href":"https:\/\/www.europesays.com\/afrique\/wp-json\/wp\/v2\/posts\/87213\/revisions"}],"wp:featuredmedia":[{"embeddable":true,"href":"https:\/\/www.europesays.com\/afrique\/wp-json\/wp\/v2\/media\/87214"}],"wp:attachment":[{"href":"https:\/\/www.europesays.com\/afrique\/wp-json\/wp\/v2\/media?parent=87213"}],"wp:term":[{"taxonomy":"category","embeddable":true,"href":"https:\/\/www.europesays.com\/afrique\/wp-json\/wp\/v2\/categories?post=87213"},{"taxonomy":"post_tag","embeddable":true,"href":"https:\/\/www.europesays.com\/afrique\/wp-json\/wp\/v2\/tags?post=87213"}],"curies":[{"name":"wp","href":"https:\/\/api.w.org\/{rel}","templated":true}]}}