{"id":8862,"date":"2026-02-10T02:37:02","date_gmt":"2026-02-10T02:37:02","guid":{"rendered":"https:\/\/www.europesays.com\/afrique\/8862\/"},"modified":"2026-02-10T02:37:02","modified_gmt":"2026-02-10T02:37:02","slug":"plus-de-150000-habitants-evacues-apres-les-inondations","status":"publish","type":"post","link":"https:\/\/www.europesays.com\/afrique\/8862\/","title":{"rendered":"plus de 150\u2019000 habitants \u00e9vacu\u00e9s apr\u00e8s les inondations"},"content":{"rendered":"\n<p>        \u2013   <\/p>\n<p>  Au Maroc, plus de 150\u2019000\u00a0habitants \u00e9vacu\u00e9s sous le choc des inondations <\/p>\n<p class=\"lead regular externalicon-big astro-mrojhlls\"> Pr\u00e8s de K\u00e9nitra, dans le nord-ouest du pays, un immense camp provisoire accueille 38\u2019700\u00a0d\u00e9plac\u00e9s qui attendent de pouvoir rentrer chez eux.    <\/p>\n<p>     Publi\u00e9: 08.02.2026, 18h39    <\/p>\n<p>              <img decoding=\"async\" loading=\"eager\" fetchpriority=\"high\" src=\"https:\/\/www.europesays.com\/afrique\/wp-content\/uploads\/2026\/02\/CQaZZJN3qaOAP1ge5NM9ZW.jpg\" data-image-url=\"https:\/\/www.europesays.com\/afrique\/wp-content\/uploads\/2026\/02\/CQaZZJN3qaOAP1ge5NM9ZW.jpg\" alt=\"Un gar\u00e7on pousse un autre sur une bou\u00e9e gonflable dans une rue inond\u00e9e \u00e0 Ksar el-Kebir, au Maroc, alors que d\u2019autres personnes sont assises sur un bulldozer, apr\u00e8s la mont\u00e9e des eaux du fleuve Loukkos le 29 janvier 2026.\" title=\"Un gar\u00e7on pousse un autre sur une bou\u00e9e gonflable dans une rue inond\u00e9e \u00e0 Ksar el-Kebir, au Maroc, alors que d\u2019autres personnes sont assises sur un bulldozer, apr\u00e8s la mont\u00e9e des eaux du fleuve Loukkos le 29 janvier 2026.\" class=\"ResponsiveImage responsive-image astro-lrzy7jfn\" style=\"background-color:#5D674B\" onload=\"this.style.backgroundColor = &quot;transparent&quot;\"\/>         <\/p>\n<p>Une rue inond\u00e9e dans la ville de Ksar el-K\u00e9bir, au nord-ouest du Maroc, le 29\u00a0janvier 2026. Plusieurs quartiers de la ville ont \u00e9t\u00e9 inond\u00e9s en raison de la mont\u00e9e du niveau de la rivi\u00e8re Loukkos \u00e0 la suite de r\u00e9centes pluies abondantes. <\/p>\n<p>Abdel Majid BZIOUAT\/AFP<\/p>\n<p>        Abonnez-vous d\u00e8s maintenant et profitez de la fonction de lecture audio. <\/p>\n<p>  S&rsquo;abonner   Se connecter  <\/p>\n<p>    <a href=\"https:\/\/bottalk.io\/\" class=\"bottalklink astro-5ez2hx6t\" target=\"_blank\" rel=\"noreferrer nofollow noopener\"> BotTalk <\/a>        <\/p>\n<p class=\"articleParagraph externalicon-big focus _content-width article-element astro-g2qwsodm astro-hwk6bfo3\">Dans son village de l\u2019ouest du Maroc, Kasia El Selami a compris qu\u2019il fallait fuir lorsque les haut-parleurs de la mosqu\u00e9e ont appel\u00e9 \u00e0 \u00e9vacuer en raison des intemp\u00e9ries. Rapidement, elle s\u2019est retrouv\u00e9e dans un immense camp provisoire, sans visibilit\u00e9 sur son retour. \u00abNous avons ressenti une grande peur [\u2026] surtout pour nos enfants\u00bb, raconte \u00e0 l\u2019AFP cette Marocaine de 67\u00a0ans originaire d\u2019Ouled Ameur, en \u00e9tendant une couverture sur un fil tendu devant sa tente. <\/p>\n<p class=\"articleParagraph externalicon-big focus _content-width article-element astro-g2qwsodm astro-hwk6bfo3\">Pr\u00e8s de K\u00e9nitra, \u00e0 une cinquantaine de kilom\u00e8tres au nord de Rabat, les autorit\u00e9s ont install\u00e9 un vaste campement o\u00f9 s\u2019alignent \u00e0 perte de vue de petites tentes bleues accueillant la population d\u00e9plac\u00e9e par les r\u00e9centes inondations, li\u00e9es \u00e0 des \u00e9pisodes de pr\u00e9cipitations exceptionnels. Plus de 7800\u00a0familles, soit plus de 38\u2019700\u00a0personnes, y ont trouv\u00e9 refuge. <\/p>\n<p class=\"articleParagraph externalicon-big focus _content-width article-element astro-g2qwsodm astro-hwk6bfo3\">Au total, plus de 150\u2019000\u00a0habitants ont \u00e9t\u00e9 \u00e9vacu\u00e9s depuis la semaine derni\u00e8re dans le nord-ouest du pays. Dimanche, les autorit\u00e9s locales de T\u00e9touan (nord) ont annonc\u00e9 la mort de quatre personnes dans des crues soudaines. <\/p>\n<p class=\"articleParagraph externalicon-big focus _content-width article-element astro-g2qwsodm astro-hwk6bfo3\">Dans certaines localit\u00e9s, des enfants et des personnes \u00e2g\u00e9es ont attendu les secours sur les toits de leurs habitations, encercl\u00e9es par les eaux, avant d\u2019\u00eatre \u00e9vacu\u00e9s par la gendarmerie royale \u00e0 l\u2019aide de petites embarcations. Des distributions d\u2019aide humanitaire ont \u00e9galement \u00e9t\u00e9 effectu\u00e9es par h\u00e9licopt\u00e8re, de nombreuses routes restant submerg\u00e9es. <\/p>\n<p>  \u00abL\u2019eau continue de monter\u00bb <\/p>\n<p class=\"articleParagraph externalicon-big focus _content-width article-element astro-g2qwsodm astro-hwk6bfo3\">De fortes pluies, des averses orageuses avec risque de gr\u00eale et de fortes rafales de vent ont encore \u00e9t\u00e9 annonc\u00e9es dimanche jusqu\u2019\u00e0 mardi dans plusieurs provinces par la Direction g\u00e9n\u00e9rale de la m\u00e9t\u00e9orologie (DGM). <\/p>\n<p class=\"articleParagraph externalicon-big focus _content-width article-element astro-g2qwsodm astro-hwk6bfo3\">Autour des tentes du camp pr\u00e8s de K\u00e9nitra, la vie s\u2019organise. Une femme frotte son linge dans une bassine avec une planche \u00e0 laver \u00e0 quelques m\u00e8tres d\u2019enclos abritant vaches, chevaux, poules et moutons, eux aussi d\u00e9plac\u00e9s par les eaux. <\/p>\n<p class=\"articleParagraph externalicon-big focus _content-width article-element astro-g2qwsodm astro-hwk6bfo3\">Sur place, des v\u00e9t\u00e9rinaires administrent piq\u00fbres et traitements aux animaux affaiblis. Pr\u00e8s du campement, une brebis et son agneau gisent, morts. Plus loin, une longue file s\u2019\u00e9tire devant une clinique mobile qui re\u00e7oit des personnes malades ou l\u00e9g\u00e8rement bless\u00e9es. <\/p>\n<p class=\"articleParagraph externalicon-big focus _content-width article-element astro-g2qwsodm astro-hwk6bfo3\">\u00abLa hauteur de l\u2019eau \u00e9tait d\u2019environ 1\u00a0m\u00e8tre et demi\u00bb, se souvient Ali El Aouni, assis sous sa toile de tente, entour\u00e9 de sa famille et de quelques ustensiles, dont des verres \u00e0 th\u00e9, un tajine et plusieurs assiettes. \u00abNous avons peur de retourner (ndlr: dans notre village), de crainte que l\u2019eau ne revienne\u00bb, raconte le sexag\u00e9naire originaire d\u2019une commune dans les environs de K\u00e9nitra. <\/p>\n<p>       <img decoding=\"async\" loading=\"lazy\" src=\"https:\/\/www.europesays.com\/afrique\/wp-content\/uploads\/2026\/02\/1p9kMNQ24NH91IQt8AOewl.jpg\" data-image-url=\"https:\/\/www.europesays.com\/afrique\/wp-content\/uploads\/2026\/02\/1p9kMNQ24NH91IQt8AOewl.jpg\" alt=\"Des v\u00e9hicules circulent sur une rue principale inond\u00e9e \u00e0 Ksar el-Kebir, Maroc, suite \u00e0 la mont\u00e9e des eaux de la rivi\u00e8re Loukkos apr\u00e8s de fortes pluies.\" title=\"Des v\u00e9hicules circulent sur une rue principale inond\u00e9e \u00e0 Ksar el-Kebir, Maroc, suite \u00e0 la mont\u00e9e des eaux de la rivi\u00e8re Loukkos apr\u00e8s de fortes pluies.\" class=\"ResponsiveImage responsive-image astro-lrzy7jfn\" style=\"background-color:#525341\" onload=\"this.style.backgroundColor = &quot;transparent&quot;\"\/>         <\/p>\n<p>Une rue principale inond\u00e9e de la ville de Ksar el-K\u00e9bir, dans le nord-ouest du Maroc, le 29\u00a0janvier 2026. <\/p>\n<p>Abdel Majid BZIOUAT\/ AFP<\/p>\n<p class=\"articleParagraph externalicon-big focus _content-width article-element astro-g2qwsodm astro-hwk6bfo3\">Il \u00e9voque des \u00abjours tr\u00e8s difficiles\u00bb, marqu\u00e9s par le froid et l\u2019angoisse. Ses enfants, dit-il, \u00e9taient \u00abterrifi\u00e9s\u00bb. Son fils a\u00een\u00e9 a voulu rester pour surveiller leur propri\u00e9t\u00e9. Il \u00abcommunique avec nous par t\u00e9l\u00e9phone, nous disant que l\u2019eau continue de monter\u00bb, explique-t-il. <\/p>\n<p>  Secouristes en jet-ski <\/p>\n<p class=\"articleParagraph externalicon-big focus _content-width article-element astro-g2qwsodm astro-hwk6bfo3\">\u00c0 quelques kilom\u00e8tres de l\u00e0, au dernier endroit accessible depuis K\u00e9nitra en direction de Tanger par la route nationale, le trafic est interrompu. Seule l\u2019autoroute reste ouverte. Des membres de la protection civile avancent dans les eaux en bateau ou en jet-ski. Dans les zones submerg\u00e9es, seules d\u00e9passent les cimes des arbres. <\/p>\n<p class=\"articleParagraph externalicon-big focus _content-width article-element astro-g2qwsodm astro-hwk6bfo3\"><a class=\"noExternalIcon astro-hwk6bfo3\" target=\"_self\" href=\"https:\/\/www.24heures.ch\/mediterranee-vagues-de-13-metres-et-pluies-record-en-serie-104484219997\" data-article-link=\"https:\/\/www.24heures.ch\/mediterranee-vagues-de-13-metres-et-pluies-record-en-serie-104484219997\" rel=\"nofollow noopener\">L\u2019Espagne et le Portugal<\/a> ont aussi subi des intemp\u00e9ries ces derniers jours. En cause, selon la DGM: la rencontre d\u2019air froid venu du nord et d\u2019air chaud et humide du sud, qui d\u00e9stabilise l\u2019atmosph\u00e8re et favorise des pluies abondantes. <\/p>\n<p class=\"articleParagraph externalicon-big focus _content-width article-element astro-g2qwsodm astro-hwk6bfo3\">Au Maroc, les apports hydriques enregistr\u00e9s au cours des cinq derniers mois ont d\u00e9pass\u00e9 la moyenne annuelle des dix derni\u00e8res ann\u00e9es, avait indiqu\u00e9 fin janvier le Minist\u00e8re de l\u2019eau \u00e0 l\u2019AFP, apr\u00e8s sept ann\u00e9es cons\u00e9cutives d\u2019une grave s\u00e9cheresse. <\/p>\n<p class=\"articleParagraph externalicon-big focus _content-width article-element astro-g2qwsodm astro-hwk6bfo3\">Dans le camp provisoire, la protection civile distribue des sacs de provisions. \u00abDes tentes, couvertures et matelas ont \u00e9t\u00e9 fournis, ainsi que des aides alimentaires et des fournitures essentielles pour les personnes affect\u00e9es, en plus de soins de sant\u00e9 et de suivi v\u00e9t\u00e9rinaire pour le b\u00e9tail\u00bb, rapporte Adil Al-Khatabi, un responsable de la province de K\u00e9nitra sur place. <\/p>\n<p class=\"articleParagraph externalicon-big focus _content-width article-element astro-g2qwsodm astro-hwk6bfo3\">Kasia El Selami, elle, ne pense qu\u2019\u00e0 regagner son foyer: \u00abNous attendons que cette \u00e9preuve prenne fin au plus vite afin de pouvoir rentrer chez nous.\u00bb <\/p>\n<p class=\"boxtitle astro-42aj3uwb astro-hwk6bfo3\">M\u00e9t\u00e9o extr\u00eame: <\/p>\n<p>        Newsletter    <\/p>\n<p>\u00abDerni\u00e8res nouvelles\u00bb<\/p>\n<p> Vous voulez rester au top de l\u2019info? \u00ab24 heures\u00bb vous propose deux rendez-vous par jour, pour ne rien rater de ce qui se passe dans votre Canton, en Suisse ou dans le monde. <\/p>\n<p class=\"astro-cztuaoj5\"> <a class=\"more astro-cztuaoj5\" href=\"https:\/\/www.24heures.ch\/nos-newsletters\" rel=\"nofollow noopener\" target=\"_blank\"> Autres newsletters <\/a> <\/p>\n<p>     Se connecter          <\/p>\n<p class=\"agencies content-width astro-etjqzq3d\"> AFP <\/p>\n<p class=\"Feedback content-width astro-kvtdmsee\"> Vous avez trouv\u00e9 une erreur? <a href=\"https:\/\/www.24heures.ch\/mailto:tes_correction@tamedia.ch?subject=Avis%20d\" erreur=\"\" class=\"feedbacklink _underlinelink astro-kvtdmsee\" rel=\"nofollow noopener\" target=\"_blank\"> Merci de nous la signaler. <\/a> <\/p>\n<p>Une rue inond\u00e9e dans la ville de Ksar el-K\u00e9bir, au nord-ouest du Maroc, le 29\u00a0janvier 2026. Plusieurs quartiers de la ville ont \u00e9t\u00e9 inond\u00e9s en raison de la mont\u00e9e du niveau de la rivi\u00e8re Loukkos \u00e0 la suite de r\u00e9centes pluies abondantes. <\/p>\n<p>Abdel Majid BZIOUAT\/AFP<\/p>\n<p>Une rue principale inond\u00e9e de la ville de Ksar el-K\u00e9bir, dans le nord-ouest du Maroc, le 29\u00a0janvier 2026. <\/p>\n<p>Abdel Majid BZIOUAT\/ AFP<\/p>\n","protected":false},"excerpt":{"rendered":"\u2013 Au Maroc, plus de 150\u2019000\u00a0habitants \u00e9vacu\u00e9s sous le choc des inondations Pr\u00e8s de K\u00e9nitra, dans le nord-ouest&hellip;\n","protected":false},"author":2,"featured_media":8863,"comment_status":"","ping_status":"","sticky":false,"template":"","format":"standard","meta":{"footnotes":""},"categories":[83],"tags":[86],"class_list":{"0":"post-8862","1":"post","2":"type-post","3":"status-publish","4":"format-standard","5":"has-post-thumbnail","7":"category-maroc","8":"tag-maroc"},"share_on_mastodon":{"url":"","error":""},"_links":{"self":[{"href":"https:\/\/www.europesays.com\/afrique\/wp-json\/wp\/v2\/posts\/8862","targetHints":{"allow":["GET"]}}],"collection":[{"href":"https:\/\/www.europesays.com\/afrique\/wp-json\/wp\/v2\/posts"}],"about":[{"href":"https:\/\/www.europesays.com\/afrique\/wp-json\/wp\/v2\/types\/post"}],"author":[{"embeddable":true,"href":"https:\/\/www.europesays.com\/afrique\/wp-json\/wp\/v2\/users\/2"}],"replies":[{"embeddable":true,"href":"https:\/\/www.europesays.com\/afrique\/wp-json\/wp\/v2\/comments?post=8862"}],"version-history":[{"count":0,"href":"https:\/\/www.europesays.com\/afrique\/wp-json\/wp\/v2\/posts\/8862\/revisions"}],"wp:featuredmedia":[{"embeddable":true,"href":"https:\/\/www.europesays.com\/afrique\/wp-json\/wp\/v2\/media\/8863"}],"wp:attachment":[{"href":"https:\/\/www.europesays.com\/afrique\/wp-json\/wp\/v2\/media?parent=8862"}],"wp:term":[{"taxonomy":"category","embeddable":true,"href":"https:\/\/www.europesays.com\/afrique\/wp-json\/wp\/v2\/categories?post=8862"},{"taxonomy":"post_tag","embeddable":true,"href":"https:\/\/www.europesays.com\/afrique\/wp-json\/wp\/v2\/tags?post=8862"}],"curies":[{"name":"wp","href":"https:\/\/api.w.org\/{rel}","templated":true}]}}