{"id":94820,"date":"2026-05-06T15:37:26","date_gmt":"2026-05-06T15:37:26","guid":{"rendered":"https:\/\/www.europesays.com\/afrique\/94820\/"},"modified":"2026-05-06T15:37:26","modified_gmt":"2026-05-06T15:37:26","slug":"derniere-minute-le-verdict-est-tombe-ndeya-beaute-ecope-dune-lourde-peine-de-prison-ferme","status":"publish","type":"post","link":"https:\/\/www.europesays.com\/afrique\/94820\/","title":{"rendered":"Derni\u00e8re minute : Le verdict est tomb\u00e9, Nd\u00e8ya Beaut\u00e9 \u00e9cope d&rsquo;une lourde peine de prison ferme"},"content":{"rendered":"<p class=\"firstp\">La commer\u00e7ante Nd\u00e8ye Fatou Diatta alias Nd\u00e8ya Beaut\u00e9 a \u00e9t\u00e9 fix\u00e9e sur son sort ce mercredi par le tribunal des flagrants d\u00e9lits de Dakar. Poursuivie pour abus de confiance portant sur 27 millions de FCFA, elle a \u00e9t\u00e9 condamn\u00e9e \u00e0 six mois d\u2019emprisonnement ferme.<\/p>\n<p data-start=\"449\" data-end=\"672\">Plac\u00e9e sous mandat de d\u00e9p\u00f4t depuis le 27 avril 2026, la pr\u00e9venue a reconnu les faits qui lui sont reproch\u00e9s. Les parties civiles ont toutes affirm\u00e9 avoir cotis\u00e9 dans le cadre de la tontine sans jamais r\u00e9cup\u00e9rer leurs mises.\n<\/p>\n<p data-start=\"674\" data-end=\"998\">Parmi elles, Niaba Bald\u00e9 explique avoir d\u00e9couvert la mise en place de la tontine via TikTok. Elle affirme avoir vers\u00e9 environ 2 millions de FCFA apr\u00e8s avoir \u00e9t\u00e9 convaincue par une vid\u00e9o explicative envoy\u00e9e par la pr\u00e9venue. Elle dit toutefois ne jamais avoir \u00e9t\u00e9 rembours\u00e9e malgr\u00e9 ses demandes.\n<\/p>\n<p data-start=\"1000\" data-end=\"1283\">Devant le tribunal, <a href=\"https:\/\/www.senenews.com\/senenews-people\/affaire-tontine-ndeya-beaute-en-detention-demba-guisse-le-frere-de-son-mari-brise-le-silence-video_585414.html\" rel=\"nofollow noopener\" target=\"_blank\">Nd\u00e8ye Fatou Diatta<\/a> a soutenu g\u00e9rer plusieurs tontines et a affirm\u00e9 que certaines participantes avaient \u00e9t\u00e9 rembours\u00e9es. Elle a \u00e9galement \u00e9voqu\u00e9 des difficult\u00e9s financi\u00e8res et demand\u00e9 la cl\u00e9mence du tribunal pour pouvoir rembourser les victimes.\n<\/p>\n<p data-start=\"1285\" data-end=\"1487\">Lors des d\u00e9bats, une partie civile a indiqu\u00e9 que la pr\u00e9venue aurait pr\u00e9sent\u00e9 la tontine comme \u00ab certifi\u00e9e et encadr\u00e9e par la gendarmerie \u00bb, une affirmation qui a pes\u00e9 dans les accusations d\u2019escroquerie.\n<\/p>\n<p data-start=\"1489\" data-end=\"1699\">Le procureur avait requis la requalification des faits en escroquerie et demand\u00e9 six mois ferme ainsi qu\u2019une amende d\u2019un million de FCFA, estimant que la pr\u00e9venue n\u2019avait pas l\u2019intention de restituer les fonds.\n<\/p>\n<p data-start=\"1701\" data-end=\"1888\">La d\u00e9fense a plaid\u00e9 la cl\u00e9mence, \u00e9voquant notamment un remboursement partiel de 22 millions FCFA et des difficult\u00e9s de gestion. Elle a \u00e9galement demand\u00e9 la mise en libert\u00e9 de la pr\u00e9venue.<\/p>\n<p data-start=\"1890\" data-end=\"2100\" data-is-last-node=\"\" data-is-only-node=\"\">Au final, le tribunal a retenu le d\u00e9lit d\u2019abus de confiance et condamn\u00e9 Nd\u00e8ye Fatou Diatta \u00e0 six mois de prison ferme, tout en faisant droit aux demandes de remboursement des parties civiles.<\/p>\n","protected":false},"excerpt":{"rendered":"La commer\u00e7ante Nd\u00e8ye Fatou Diatta alias Nd\u00e8ya Beaut\u00e9 a \u00e9t\u00e9 fix\u00e9e sur son sort ce mercredi par le&hellip;\n","protected":false},"author":2,"featured_media":94821,"comment_status":"","ping_status":"","sticky":false,"template":"","format":"standard","meta":{"footnotes":"","_share_on_mastodon":"0"},"categories":[84],"tags":[31686,11,114,115],"class_list":["post-94820","post","type-post","status-publish","format-standard","has-post-thumbnail","category-senegal","tag-ndeya-beaute","tag-senegal","tag-senegal-actualites","tag-societe"],"share_on_mastodon":{"url":"https:\/\/pubeurope.com\/@afrique\/116528378345430730","error":""},"_links":{"self":[{"href":"https:\/\/www.europesays.com\/afrique\/wp-json\/wp\/v2\/posts\/94820","targetHints":{"allow":["GET"]}}],"collection":[{"href":"https:\/\/www.europesays.com\/afrique\/wp-json\/wp\/v2\/posts"}],"about":[{"href":"https:\/\/www.europesays.com\/afrique\/wp-json\/wp\/v2\/types\/post"}],"author":[{"embeddable":true,"href":"https:\/\/www.europesays.com\/afrique\/wp-json\/wp\/v2\/users\/2"}],"replies":[{"embeddable":true,"href":"https:\/\/www.europesays.com\/afrique\/wp-json\/wp\/v2\/comments?post=94820"}],"version-history":[{"count":0,"href":"https:\/\/www.europesays.com\/afrique\/wp-json\/wp\/v2\/posts\/94820\/revisions"}],"wp:featuredmedia":[{"embeddable":true,"href":"https:\/\/www.europesays.com\/afrique\/wp-json\/wp\/v2\/media\/94821"}],"wp:attachment":[{"href":"https:\/\/www.europesays.com\/afrique\/wp-json\/wp\/v2\/media?parent=94820"}],"wp:term":[{"taxonomy":"category","embeddable":true,"href":"https:\/\/www.europesays.com\/afrique\/wp-json\/wp\/v2\/categories?post=94820"},{"taxonomy":"post_tag","embeddable":true,"href":"https:\/\/www.europesays.com\/afrique\/wp-json\/wp\/v2\/tags?post=94820"}],"curies":[{"name":"wp","href":"https:\/\/api.w.org\/{rel}","templated":true}]}}