{"id":95566,"date":"2026-05-07T10:35:17","date_gmt":"2026-05-07T10:35:17","guid":{"rendered":"https:\/\/www.europesays.com\/afrique\/95566\/"},"modified":"2026-05-07T10:35:17","modified_gmt":"2026-05-07T10:35:17","slug":"senegal-la-loi-sur-le-patriotisme-economique-attendue-avant-juin-2026-africtelegraph","status":"publish","type":"post","link":"https:\/\/www.europesays.com\/afrique\/95566\/","title":{"rendered":"S\u00e9n\u00e9gal : la loi sur le patriotisme \u00e9conomique attendue avant juin 2026 &#8211; Africtelegraph"},"content":{"rendered":"<p>Le projet de loi sur le patriotisme \u00e9conomique au S\u00e9n\u00e9gal entre dans une phase op\u00e9rationnelle. Lors du Conseil des ministres tenu \u00e0 Dakar, le pr\u00e9sident de la R\u00e9publique a demand\u00e9 que le texte soit pr\u00eat avant juin 2026, fixant ainsi un calendrier ferme \u00e0 un chantier annonc\u00e9 d\u00e8s l\u2019arriv\u00e9e au pouvoir du tandem Bassirou Diomaye Faye \u2013 Ousmane Sonko. L\u2019instruction pr\u00e9sidentielle vise \u00e0 transformer en r\u00e8gles juridiques opposables une orientation politique qui structure le discours \u00e9conomique du nouveau pouvoir depuis avril 2024.<\/p>\n<p>Un texte cardinal pour la souverainet\u00e9 productive<\/p>\n<p>Le patriotisme \u00e9conomique constitue l\u2019une des matrices doctrinales du r\u00e9f\u00e9rentiel S\u00e9n\u00e9gal 2050, feuille de route strat\u00e9gique pr\u00e9sent\u00e9e par les autorit\u00e9s \u00e0 l\u2019automne 2024. Il s\u2019agit, selon l\u2019ex\u00e9cutif, de r\u00e9orienter la commande publique, l\u2019investissement et les dispositifs incitatifs vers les acteurs nationaux, dans des secteurs jug\u00e9s strat\u00e9giques. Le futur cadre l\u00e9gal devra trancher des questions sensibles : seuils de pr\u00e9f\u00e9rence nationale dans les march\u00e9s publics, quotas de contenu local dans les industries extractives, conditions d\u2019acc\u00e8s des entreprises s\u00e9n\u00e9galaises aux contrats de l\u2019\u00c9tat et de ses d\u00e9membrements.<\/p>\n<p>L\u2019enjeu d\u00e9passe la symbolique. Le tissu productif s\u00e9n\u00e9galais demeure domin\u00e9 par les PME et le secteur informel, tandis que les grands contrats restent largement capt\u00e9s par des groupes \u00e9trangers, notamment fran\u00e7ais, marocains, turcs et chinois. La nouvelle loi devra arbitrer entre la n\u00e9cessit\u00e9 d\u2019attirer des capitaux internationaux, indispensable pour boucler le financement du Plan de redressement \u00e9conomique et social, et la volont\u00e9 politique de r\u00e9server une part accrue de la valeur ajout\u00e9e aux op\u00e9rateurs locaux.<\/p>\n<p>Un calendrier serr\u00e9, des arbitrages d\u00e9licats<\/p>\n<p>L\u2019\u00e9ch\u00e9ance de juin 2026 laisse environ huit mois aux services de la Primature et aux minist\u00e8res concern\u00e9s pour finaliser un avant-projet, conduire les consultations sectorielles et soumettre le texte \u00e0 l\u2019Assembl\u00e9e nationale. Le minist\u00e8re de l\u2019\u00c9conomie, du Plan et de la Coop\u00e9ration, ainsi que celui de l\u2019Industrie et du Commerce, sont en premi\u00e8re ligne. Des concertations sont attendues avec le patronat, regroup\u00e9 notamment au sein du Conseil national du patronat (CNP) et de la Conf\u00e9d\u00e9ration nationale des employeurs du S\u00e9n\u00e9gal (CNES), mais aussi avec les chambres consulaires et les organisations syndicales.<\/p>\n<p>Plusieurs zones de friction se dessinent. La compatibilit\u00e9 du dispositif avec les engagements internationaux du S\u00e9n\u00e9gal sera scrut\u00e9e de pr\u00e8s, qu\u2019il s\u2019agisse des r\u00e8gles de la Zone de libre-\u00e9change continentale africaine (ZLECAf), du tarif ext\u00e9rieur commun de la CEDEAO ou des accords bilat\u00e9raux d\u2019investissement. Les bailleurs multilat\u00e9raux, \u00e0 commencer par le Fonds mon\u00e9taire international et la Banque mondiale, suivront \u00e9galement la r\u00e9daction du texte, dans un contexte o\u00f9 Dakar n\u00e9gocie un nouveau programme financier apr\u00e8s la suspension de l\u2019accord pr\u00e9c\u00e9dent.<\/p>\n<p>Un signal pour les investisseurs et les partenaires<\/p>\n<p>Au-del\u00e0 du texte lui-m\u00eame, le calendrier annonc\u00e9 r\u00e9pond \u00e0 une attente du secteur priv\u00e9 national, qui r\u00e9clame depuis plusieurs ann\u00e9es un cadre stable et lisible pour la pr\u00e9f\u00e9rence locale. Les op\u00e9rateurs pr\u00e9sents dans le BTP, l\u2019agro-industrie, la logistique et les services num\u00e9riques esp\u00e8rent un dispositif qui aille au-del\u00e0 des incantations contenues dans le Code des march\u00e9s publics r\u00e9vis\u00e9 en 2022. La place r\u00e9serv\u00e9e aux entreprises \u00e0 capitaux mixtes, aux filiales locales de groupes \u00e9trangers et aux joint-ventures sera particuli\u00e8rement examin\u00e9e.<\/p>\n<p>Le projet s\u2019inscrit \u00e9galement dans une s\u00e9quence r\u00e9gionale plus large. Le Mali, le Burkina Faso et le Niger, regroup\u00e9s au sein de l\u2019Alliance des \u00c9tats du Sahel, ont engag\u00e9 des d\u00e9marches similaires de r\u00e9appropriation des secteurs strat\u00e9giques, notamment miniers. Dakar entend toutefois se distinguer par une approche moins frontale, fond\u00e9e sur l\u2019incitation et la r\u00e9gulation plut\u00f4t que sur la rupture brutale avec les partenaires \u00e9conomiques traditionnels. La cr\u00e9dibilit\u00e9 du dispositif se jouera dans les d\u00e9tails techniques, en particulier les m\u00e9canismes de contr\u00f4le et les sanctions en cas de contournement.<\/p>\n<p>Les prochains mois seront d\u00e9terminants pour mesurer l\u2019\u00e9cart entre l\u2019ambition affich\u00e9e et la mat\u00e9rialit\u00e9 du texte soumis aux d\u00e9put\u00e9s. <a href=\"https:\/\/news.google.com\/rss\/articles\/CBMi4gFBVV95cUxPY1ZZcnpKYVd5bVE2Yy15SW5zTjNPQy13OU50dUQ4bDN5N092UVA3dnZ2TzN5M1MxU2lwUGZtSDBnelBaVC03SUc0dDNHa0RvYkE4LTJQQm94UXJ5ZnZFMWxKa2VnTmRCSjRHb3BVRmlZMTZlYmdvczRCXzVNZVVPTzB3ejhpZ0ZvamVlN1k5UHVWYU5yX1J6RGlhUXFmbFhFUUYteDl1UzR4ZnB6Q0NBS2xfTmZkZ1hnRllBY2gtU2UxRVl0NmNGQkh4QWkxRzJSREtVNk9vZjNUN1JzSXhMYmdR?oc=5\" rel=\"noopener external nofollow\" target=\"_blank\">Selon Seneweb<\/a>, l\u2019instruction pr\u00e9sidentielle a \u00e9t\u00e9 formalis\u00e9e \u00e0 l\u2019occasion du dernier Conseil des ministres.<\/p>\n<p>Pour aller plus loin<\/p>\n<p><a href=\"https:\/\/africtelegraph.com\/blog\/maroc-le-chomage-grimpe-a-108-au-premier-trimestre-2026\/\" rel=\"nofollow noopener\" target=\"_blank\">Maroc : le ch\u00f4mage grimpe \u00e0 10,8 % au premier trimestre 2026<\/a> \u00b7 <a href=\"https:\/\/africtelegraph.com\/blog\/la-rdc-reserve-a-nouveau-le-petit-commerce-aux-congolais\/\" rel=\"nofollow noopener\" target=\"_blank\">La RDC r\u00e9serve \u00e0 nouveau le petit commerce aux Congolais<\/a> \u00b7 <a href=\"https:\/\/africtelegraph.com\/blog\/la-banque-mondiale-alerte-sur-le-deficit-demplois-au-maroc\/\" rel=\"nofollow noopener\" target=\"_blank\">La Banque mondiale alerte sur le d\u00e9ficit d\u2019emplois au Maroc<\/a><\/p>\n<p>J\u2019aime \u00e7a\u00a0:<\/p>\n<p>J\u2019aime chargement\u2026<\/p>\n<p><a class=\"sd-link-color\"\/><\/p>\n<p>\n\tSimilaire<\/p>\n","protected":false},"excerpt":{"rendered":"Le projet de loi sur le patriotisme \u00e9conomique au S\u00e9n\u00e9gal entre dans une phase op\u00e9rationnelle. Lors du Conseil&hellip;\n","protected":false},"author":2,"featured_media":95567,"comment_status":"","ping_status":"","sticky":false,"template":"","format":"standard","meta":{"footnotes":"","_share_on_mastodon":"0"},"categories":[84],"tags":[201,10197,200,34373,34374,11,21471,11060],"class_list":["post-95566","post","type-post","status-publish","format-standard","has-post-thumbnail","category-senegal","tag-bassirou-diomaye-faye","tag-conseil-des-ministres","tag-ousmane-sonko","tag-patriotisme-economique","tag-preference-nationale","tag-senegal","tag-senegal-2050","tag-souverainete-economique"],"share_on_mastodon":{"url":"https:\/\/pubeurope.com\/@afrique\/116532853117792227","error":""},"_links":{"self":[{"href":"https:\/\/www.europesays.com\/afrique\/wp-json\/wp\/v2\/posts\/95566","targetHints":{"allow":["GET"]}}],"collection":[{"href":"https:\/\/www.europesays.com\/afrique\/wp-json\/wp\/v2\/posts"}],"about":[{"href":"https:\/\/www.europesays.com\/afrique\/wp-json\/wp\/v2\/types\/post"}],"author":[{"embeddable":true,"href":"https:\/\/www.europesays.com\/afrique\/wp-json\/wp\/v2\/users\/2"}],"replies":[{"embeddable":true,"href":"https:\/\/www.europesays.com\/afrique\/wp-json\/wp\/v2\/comments?post=95566"}],"version-history":[{"count":0,"href":"https:\/\/www.europesays.com\/afrique\/wp-json\/wp\/v2\/posts\/95566\/revisions"}],"wp:featuredmedia":[{"embeddable":true,"href":"https:\/\/www.europesays.com\/afrique\/wp-json\/wp\/v2\/media\/95567"}],"wp:attachment":[{"href":"https:\/\/www.europesays.com\/afrique\/wp-json\/wp\/v2\/media?parent=95566"}],"wp:term":[{"taxonomy":"category","embeddable":true,"href":"https:\/\/www.europesays.com\/afrique\/wp-json\/wp\/v2\/categories?post=95566"},{"taxonomy":"post_tag","embeddable":true,"href":"https:\/\/www.europesays.com\/afrique\/wp-json\/wp\/v2\/tags?post=95566"}],"curies":[{"name":"wp","href":"https:\/\/api.w.org\/{rel}","templated":true}]}}