{"id":97034,"date":"2026-05-08T20:04:09","date_gmt":"2026-05-08T20:04:09","guid":{"rendered":"https:\/\/www.europesays.com\/afrique\/97034\/"},"modified":"2026-05-08T20:04:09","modified_gmt":"2026-05-08T20:04:09","slug":"libye-violents-affrontements-autour-de-la-raffinerie-de-zaouia","status":"publish","type":"post","link":"https:\/\/www.europesays.com\/afrique\/97034\/","title":{"rendered":"Libye : Violents affrontements autour de la raffinerie de Zaou\u00efa"},"content":{"rendered":"<p>De violents affrontements ont \u00e9clat\u00e9 vendredi dans la r\u00e9gion d\u2019El-Harcha et aux abords de la raffinerie de Zaou\u00efa, \u00e0 l\u2019ouest de Tripoli, entre des groupes arm\u00e9s li\u00e9s aux milices d\u2019Appui 1 et d\u2019Al-Nasr.<\/p>\n<p>Les combats, men\u00e9s avec des armes l\u00e9g\u00e8res et moyennes, s\u2019inscrivent dans les rivalit\u00e9s r\u00e9currentes entre factions arm\u00e9es op\u00e9rant dans l\u2019ouest libyen sous l\u2019autorit\u00e9 th\u00e9orique du gouvernement de Tripoli. Le bilan provisoire fait \u00e9tat de deux morts, plusieurs bless\u00e9s et des d\u00e9g\u00e2ts mat\u00e9riels.<\/p>\n<p>La soci\u00e9t\u00e9 de raffinage de Zaou\u00efa a annonc\u00e9 l\u2019arr\u00eat complet de la raffinerie ainsi que l\u2019\u00e9vacuation du port p\u00e9trolier voisin pour prot\u00e9ger les employ\u00e9s et les installations.<\/p>\n<p>Une zone sensible de l\u2019ouest libyen<\/p>\n<p>La Mission d\u2019appui des Nations unies en Libye a condamn\u00e9 les affrontements et appel\u00e9 \u00e0 un cessez-le-feu imm\u00e9diat. Une force neutre est entr\u00e9e dans la ville vendredi soir pour tenter de contenir l\u2019escalade.<\/p>\n<p>L\u2019ouest libyen conna\u00eet r\u00e9guli\u00e8rement des affrontements entre groupes arm\u00e9s sur fond de contr\u00f4le des routes, des trafics et des infrastructures p\u00e9troli\u00e8res.<\/p>\n<p>Pourquoi la Tunisie suit la situation de pr\u00e8s<\/p>\n<p>Zaou\u00efa se situe sur l\u2019axe reliant Tripoli au poste frontalier de Ras Jedir, principal passage entre la Tunisie et la Libye.<\/p>\n<p>Lors de pr\u00e9c\u00e9dentes tensions dans l\u2019ouest libyen, la circulation vers Ras Jedir avait d\u00e9j\u00e0 \u00e9t\u00e9 perturb\u00e9e, affectant les \u00e9changes commerciaux, les d\u00e9placements des voyageurs et l\u2019activit\u00e9 du sud-est tunisien.<\/p>\n","protected":false},"excerpt":{"rendered":"De violents affrontements ont \u00e9clat\u00e9 vendredi dans la r\u00e9gion d\u2019El-Harcha et aux abords de la raffinerie de Zaou\u00efa,&hellip;\n","protected":false},"author":2,"featured_media":97035,"comment_status":"","ping_status":"","sticky":false,"template":"","format":"standard","meta":{"footnotes":"","_share_on_mastodon":"0"},"categories":[121],"tags":[12125,125,124,29382],"class_list":["post-97034","post","type-post","status-publish","format-standard","has-post-thumbnail","category-libye","tag-affrontements","tag-libye","tag-tunisie","tag-zaouia"],"share_on_mastodon":{"url":"https:\/\/pubeurope.com\/@afrique\/116540752778754156","error":""},"_links":{"self":[{"href":"https:\/\/www.europesays.com\/afrique\/wp-json\/wp\/v2\/posts\/97034","targetHints":{"allow":["GET"]}}],"collection":[{"href":"https:\/\/www.europesays.com\/afrique\/wp-json\/wp\/v2\/posts"}],"about":[{"href":"https:\/\/www.europesays.com\/afrique\/wp-json\/wp\/v2\/types\/post"}],"author":[{"embeddable":true,"href":"https:\/\/www.europesays.com\/afrique\/wp-json\/wp\/v2\/users\/2"}],"replies":[{"embeddable":true,"href":"https:\/\/www.europesays.com\/afrique\/wp-json\/wp\/v2\/comments?post=97034"}],"version-history":[{"count":0,"href":"https:\/\/www.europesays.com\/afrique\/wp-json\/wp\/v2\/posts\/97034\/revisions"}],"wp:featuredmedia":[{"embeddable":true,"href":"https:\/\/www.europesays.com\/afrique\/wp-json\/wp\/v2\/media\/97035"}],"wp:attachment":[{"href":"https:\/\/www.europesays.com\/afrique\/wp-json\/wp\/v2\/media?parent=97034"}],"wp:term":[{"taxonomy":"category","embeddable":true,"href":"https:\/\/www.europesays.com\/afrique\/wp-json\/wp\/v2\/categories?post=97034"},{"taxonomy":"post_tag","embeddable":true,"href":"https:\/\/www.europesays.com\/afrique\/wp-json\/wp\/v2\/tags?post=97034"}],"curies":[{"name":"wp","href":"https:\/\/api.w.org\/{rel}","templated":true}]}}