{"id":97055,"date":"2026-05-08T20:26:52","date_gmt":"2026-05-08T20:26:52","guid":{"rendered":"https:\/\/www.europesays.com\/afrique\/97055\/"},"modified":"2026-05-08T20:26:52","modified_gmt":"2026-05-08T20:26:52","slug":"fete-de-lagriculture-acces-gratuit-a-dar-el-hout-et-dans-les-reserves-naturelles","status":"publish","type":"post","link":"https:\/\/www.europesays.com\/afrique\/97055\/","title":{"rendered":"F\u00eate de l\u2019agriculture | Acc\u00e8s gratuit \u00e0 Dar El Hout et dans les r\u00e9serves naturelles"},"content":{"rendered":"<p>\u00c0 l\u2019occasion de la F\u00eate nationale de l\u2019agriculture, le minist\u00e8re de l\u2019Agriculture, des Ressources hydrauliques et de la P\u00eache a annonc\u00e9 une semaine de gratuit\u00e9 pour plusieurs sites embl\u00e9matiques du patrimoine naturel tunisien.<\/p>\n<p>Le minist\u00e8re a pr\u00e9cis\u00e9 l\u2019ouverture gratuite au public de Dar El Hout \u00e0 Salammb\u00f4, ainsi que de l\u2019ensemble des r\u00e9serves naturelles sous sa tutelle, en ajoutant que cette mesure exceptionnelle s\u2019\u00e9talera sur une semaine compl\u00e8te, du lundi 11 mai au dimanche 17 mai 2026.<\/p>\n<p>Cette initiative s\u2019inscrit dans le cadre des festivit\u00e9s entourant la F\u00eate nationale de l\u2019agriculture, plac\u00e9e cette ann\u00e9e sous le slogan : \u00ab La s\u00e9curit\u00e9 alimentaire est une d\u00e9cision, non un choix \u00bb.<\/p>\n<p>Selon le communiqu\u00e9, l\u2019objectif est de permettre aux familles, aux \u00e9l\u00e8ves et aux \u00e9tudiants d\u2019acc\u00e9der librement \u00e0 ces espaces scientifiques, culturels et environnementaux afin de renforcer le lien entre les citoyens et leurs ressources naturelles.<\/p>\n<p>Le d\u00e9partement de l\u2019Agriculture affirme aussi qu\u2019il souhaite transformer cette ouverture en une v\u00e9ritable op\u00e9ration de sensibilisation qui permettra de faire conna\u00eetre le riche patrimoine maritime et environnemental national, de contribuer \u00e0 la valorisation des richesses naturelles du pays t d\u2019offrir un acc\u00e8s direct aux espaces d\u00e9di\u00e9s \u00e0 la biodiversit\u00e9 et aux ressources marines.<\/p>\n<p class=\"has-text-align-right\">Y. N.<\/p>\n","protected":false},"excerpt":{"rendered":"\u00c0 l\u2019occasion de la F\u00eate nationale de l\u2019agriculture, le minist\u00e8re de l\u2019Agriculture, des Ressources hydrauliques et de la&hellip;\n","protected":false},"author":2,"featured_media":97056,"comment_status":"","ping_status":"","sticky":false,"template":"","format":"standard","meta":{"footnotes":"","_share_on_mastodon":"0"},"categories":[120],"tags":[26267,34831,34832,34833,15467,124],"class_list":["post-97055","post","type-post","status-publish","format-standard","has-post-thumbnail","category-tunisie","tag-acces-gratuit","tag-dar-el-hout","tag-fete-nationale-de-lagriculture","tag-reserves-naturelles","tag-salammbo","tag-tunisie"],"share_on_mastodon":{"url":"https:\/\/pubeurope.com\/@afrique\/116540843247752515","error":""},"_links":{"self":[{"href":"https:\/\/www.europesays.com\/afrique\/wp-json\/wp\/v2\/posts\/97055","targetHints":{"allow":["GET"]}}],"collection":[{"href":"https:\/\/www.europesays.com\/afrique\/wp-json\/wp\/v2\/posts"}],"about":[{"href":"https:\/\/www.europesays.com\/afrique\/wp-json\/wp\/v2\/types\/post"}],"author":[{"embeddable":true,"href":"https:\/\/www.europesays.com\/afrique\/wp-json\/wp\/v2\/users\/2"}],"replies":[{"embeddable":true,"href":"https:\/\/www.europesays.com\/afrique\/wp-json\/wp\/v2\/comments?post=97055"}],"version-history":[{"count":0,"href":"https:\/\/www.europesays.com\/afrique\/wp-json\/wp\/v2\/posts\/97055\/revisions"}],"wp:featuredmedia":[{"embeddable":true,"href":"https:\/\/www.europesays.com\/afrique\/wp-json\/wp\/v2\/media\/97056"}],"wp:attachment":[{"href":"https:\/\/www.europesays.com\/afrique\/wp-json\/wp\/v2\/media?parent=97055"}],"wp:term":[{"taxonomy":"category","embeddable":true,"href":"https:\/\/www.europesays.com\/afrique\/wp-json\/wp\/v2\/categories?post=97055"},{"taxonomy":"post_tag","embeddable":true,"href":"https:\/\/www.europesays.com\/afrique\/wp-json\/wp\/v2\/tags?post=97055"}],"curies":[{"name":"wp","href":"https:\/\/api.w.org\/{rel}","templated":true}]}}