{"id":99798,"date":"2026-05-11T20:34:24","date_gmt":"2026-05-11T20:34:24","guid":{"rendered":"https:\/\/www.europesays.com\/afrique\/99798\/"},"modified":"2026-05-11T20:34:24","modified_gmt":"2026-05-11T20:34:24","slug":"sommet-africa-forward-macron-annonce-23-milliards-deuros-dinvestissements-francais-et-africains-en-afrique","status":"publish","type":"post","link":"https:\/\/www.europesays.com\/afrique\/99798\/","title":{"rendered":"Sommet Africa Forward: Macron annonce 23 milliards d&rsquo;euros d&rsquo;investissements fran\u00e7ais et africains en Afrique"},"content":{"rendered":"<p class=\"mb-4 text-lg md:leading-8 break-words\">Ces 14 milliards comprennent des investissements d&rsquo;acteurs priv\u00e9s fran\u00e7ais (entreprises, fondations et fonds d&rsquo;investissement) et des projets d\u00e9velopp\u00e9s par les op\u00e9rateurs fran\u00e7ais de l&rsquo;aide au d\u00e9veloppement (AFD, Proparco et DG Tr\u00e9sor), selon l&rsquo;\u00c9lys\u00e9e. Les neuf milliards restants viennent d&rsquo;investisseurs africains.<\/p>\n<p class=\"mb-4 text-lg md:leading-8 break-words\">Ces investissements \u00ab vont cr\u00e9er plus de 250 000 emplois directs en France en Afrique \u00bb, s\u2019est f\u00e9licit\u00e9 <a data-i13n=\"cpos:1;pos:1\" href=\"https:\/\/www.rfi.fr\/fr\/tag\/emmanuel-macron\/\" rel=\"nofollow noopener\" target=\"_blank\" data-ylk=\"elm:link;elmt:article_link;slk:Emmanuel Macron;cpos:1;pos:1;itc:0;sec:content-canvas\" data-yga=\"{&quot;yLinkPosition&quot;:&quot;1&quot;,&quot;yLinkElement&quot;:&quot;context_link&quot;,&quot;yPosition&quot;:&quot;1&quot;,&quot;yModuleName&quot;:&quot;content-canvas&quot;,&quot;yLinkText&quot;:&quot;Emmanuel Macron&quot;,&quot;yHasCommerce&quot;:false}\" class=\"link \">Emmanuel Macron<\/a>, saluant des \u00ab r\u00e9sultats tr\u00e8s concrets \u00bb du sommet organis\u00e9 lundi et mardi dans la capitale k\u00e9nyane. Selon lui, il s\u2019agit de la mise en musique du \u00ab changement de logique \u00bb qu\u2019il pr\u00f4ne pour la relation entre la France et l\u2019Afrique. Ces montants comprennent tous types d\u2019investissement (direct, prise de participation, partenariat) et tous les instruments financiers (fonds propres, pr\u00eats, garanties, subventions).<\/p>\n<p class=\"mb-4 text-lg md:leading-8 break-words\">\u00c0 \u00e9couter aussi <a data-i13n=\"cpos:2;pos:1\" href=\"https:\/\/www.rfi.fr\/fr\/podcasts\/invit%C3%A9-afrique-midi\/20260511-sommet-africa-forward-malgr%C3%A9-un-certain-je-t-aime-moi-non-plus-la-france-reste-incontournable\" rel=\"nofollow noopener\" target=\"_blank\" data-ylk=\"elm:link;elmt:article_link;slk:Sommet Africa Forward: \u00abMalgr\u00e9 un certain &quot;Je t&#039;aime, moi non plus&quot;, la France reste incontournable\u00bb;cpos:2;pos:1;itc:0;sec:content-canvas\" data-yga=\"{&quot;yLinkPosition&quot;:&quot;2&quot;,&quot;yLinkElement&quot;:&quot;context_link&quot;,&quot;yPosition&quot;:&quot;1&quot;,&quot;yModuleName&quot;:&quot;content-canvas&quot;,&quot;yLinkText&quot;:&quot;Sommet Africa Forward&quot;,&quot;yHasCommerce&quot;:false}\" class=\"link \">Sommet Africa Forward: \u00abMalgr\u00e9 un certain \u00ab\u00a0Je t&rsquo;aime, moi non plus\u00a0\u00bb, la France reste incontournable\u00bb<\/a><\/p>\n<p>Emmanuel Macron plaide pour de l&rsquo;investissement plut\u00f4t que pour de l&rsquo;aide publique<\/p>\n<p class=\"mb-4 text-lg md:leading-8 break-words\">L&rsquo;Afrique a \u00ab besoin d&rsquo;investissements \u00bb plut\u00f4t que d&rsquo;aide publique, que l&rsquo;Europe n&rsquo;est de toutes mani\u00e8re plus en mesure de lui fournir en abondance, a plaid\u00e9 lundi le pr\u00e9sident fran\u00e7ais Emmanuel Macron au premier jour du sommet franco-africain de Nairobi.<\/p>\n<p class=\"mb-4 text-lg md:leading-8 break-words\">Parmi les principaux secteurs b\u00e9n\u00e9ficiaires figurent la transition \u00e9nerg\u00e9tique (4,3 milliards), le num\u00e9rique et l&rsquo;intelligence artificielle (3,76 milliards), \u00ab l&rsquo;\u00e9conomie bleue \u00bb (3,3 milliards) et l&rsquo;agriculture (1 milliard), selon l&rsquo;\u00c9lys\u00e9e. En outre 942 millions d&rsquo;euros d&rsquo;investissements sont destin\u00e9s au secteur de la sant\u00e9, 300 millions \u00e0 celui de l&rsquo;industrialisation et 250 millions au secteur bancaire et financier.<\/p>\n<p class=\"mb-4 text-lg md:leading-8 break-words\">\u00c0 lire aussi <a data-i13n=\"cpos:3;pos:1\" href=\"https:\/\/www.rfi.fr\/fr\/podcasts\/la-fabrique-du-monde\/20260511-sommet-africa-forward-la-normalisation-des-relations-afrique-france\" rel=\"nofollow noopener\" target=\"_blank\" data-ylk=\"elm:link;elmt:article_link;slk:Au sommet Africa Forward, la normalisation des relations Afrique-France;cpos:3;pos:1;itc:0;sec:content-canvas\" data-yga=\"{&quot;yLinkPosition&quot;:&quot;3&quot;,&quot;yLinkElement&quot;:&quot;context_link&quot;,&quot;yPosition&quot;:&quot;1&quot;,&quot;yModuleName&quot;:&quot;content-canvas&quot;,&quot;yLinkText&quot;:&quot;Au sommet Africa Forward, la normalisation des relations Afrique-France&quot;,&quot;yHasCommerce&quot;:false}\" class=\"link \">Au sommet Africa Forward, la normalisation des relations Afrique-France<\/a><\/p>\n","protected":false},"excerpt":{"rendered":"Ces 14 milliards comprennent des investissements d&rsquo;acteurs priv\u00e9s fran\u00e7ais (entreprises, fondations et fonds d&rsquo;investissement) et des projets d\u00e9velopp\u00e9s&hellip;\n","protected":false},"author":2,"featured_media":99799,"comment_status":"","ping_status":"","sticky":false,"template":"","format":"standard","meta":{"footnotes":"","_share_on_mastodon":"0"},"categories":[4],"tags":[6,1367,35619,640,21244,35620,35383],"class_list":["post-99798","post","type-post","status-publish","format-standard","has-post-thumbnail","category-afrique","tag-afrique","tag-emmanuel-macron","tag-fonds-d39investissement","tag-investissements","tag-l39aide-au-developpement","tag-prise-de-participation","tag-sommet-franco-africain"],"share_on_mastodon":{"url":"https:\/\/pubeurope.com\/@afrique\/116557857647662321","error":""},"_links":{"self":[{"href":"https:\/\/www.europesays.com\/afrique\/wp-json\/wp\/v2\/posts\/99798","targetHints":{"allow":["GET"]}}],"collection":[{"href":"https:\/\/www.europesays.com\/afrique\/wp-json\/wp\/v2\/posts"}],"about":[{"href":"https:\/\/www.europesays.com\/afrique\/wp-json\/wp\/v2\/types\/post"}],"author":[{"embeddable":true,"href":"https:\/\/www.europesays.com\/afrique\/wp-json\/wp\/v2\/users\/2"}],"replies":[{"embeddable":true,"href":"https:\/\/www.europesays.com\/afrique\/wp-json\/wp\/v2\/comments?post=99798"}],"version-history":[{"count":0,"href":"https:\/\/www.europesays.com\/afrique\/wp-json\/wp\/v2\/posts\/99798\/revisions"}],"wp:featuredmedia":[{"embeddable":true,"href":"https:\/\/www.europesays.com\/afrique\/wp-json\/wp\/v2\/media\/99799"}],"wp:attachment":[{"href":"https:\/\/www.europesays.com\/afrique\/wp-json\/wp\/v2\/media?parent=99798"}],"wp:term":[{"taxonomy":"category","embeddable":true,"href":"https:\/\/www.europesays.com\/afrique\/wp-json\/wp\/v2\/categories?post=99798"},{"taxonomy":"post_tag","embeddable":true,"href":"https:\/\/www.europesays.com\/afrique\/wp-json\/wp\/v2\/tags?post=99798"}],"curies":[{"name":"wp","href":"https:\/\/api.w.org\/{rel}","templated":true}]}}