{"id":100108,"date":"2026-04-13T12:40:08","date_gmt":"2026-04-13T12:40:08","guid":{"rendered":"https:\/\/www.europesays.com\/at\/100108\/"},"modified":"2026-04-13T12:40:08","modified_gmt":"2026-04-13T12:40:08","slug":"bezirk-kirchdorf-beim-linz-marathon-stark-vertreten","status":"publish","type":"post","link":"https:\/\/www.europesays.com\/at\/100108\/","title":{"rendered":"Bezirk Kirchdorf beim Linz-Marathon stark vertreten"},"content":{"rendered":"<p> BEZIRK KIRCHDORF. Der Linz Marathon 2026 lockte bei idealen Laufbedingungen mehr als 21.000 Teilnehmende in die Landeshauptstadt und sorgte damit erneut f\u00fcr ein Laufsportfest mit Rekordbeteiligung und gro\u00dfer Publikumsresonanz. Aus dem Bezirk Kirchdorf war unter anderen das Kremstal Running Collective, die Laufgemeinschaft Kirchdorf und die Landjugend Windischgarsten mit dabei. <\/p>\n<p>Vom Kremstal Running Collective (KRC) liefen Nadine Huber und Katrin Kogseder den Viertelmarathon gemeinsam in 43 Minuten ins Ziel. Stefan Gotthartsleitner feierte bei seinem Marathon-Deb\u00fct eine starke Zeit von 2:43 Stunden, w\u00e4hrend Daniel Zauner den Marathon in 3:07 Stunden finishte. Im Staffelbewerb konnte das KRC-Team mit Leonid Yershow, Oliver Pfaffenwimmer und Michael Pramberger den Sieg erringen. Das Podest beim 5-Kilometer-Lauf f\u00fcllten neben Kevin Kamenschak, Christoph Stadler (2.) und Lukas Helmberger (3.).\u00a0<\/p>\n<p>LG Kirchdorf mit Spitzenplatz und soliden Marathonleistungen<\/p>\n<p>Ebenfalls erfolgreich war die Laufgemeinschaft (LG) Kirchdorf: Im gro\u00dfen Teilnehmerfeld erreichte Hermann Grall in der Altersklasse M60 den Vizelandesmeistertitel in einer Zeit von 3:38 Stunden. Michaela G\u00f6sweiner absolvierte die Volldistanz in 3:26:48 Stunden und belegte damit Gesamtrang 448, Rang 43 in der Frauenwertung sowie Platz 7 in ihrer Altersklasse.<\/p>\n<p>Landjugend Windischgarsten eine der besten LJ-Staffeln<\/p>\n<p>Ein besonders starkes Zeichen setzte die Landjugend Ober\u00f6sterreich, die mit 102 Staffeln und \u00fcber 400 Teilnehmende erneut ein gro\u00dfes sportliches Gemeinschaftsprojekt stellte. Bereits zum 13. Mal in Folge war die Organisation beim Linz Marathon vertreten und sorgte mit ihren auff\u00e4lligen Teamshirts f\u00fcr gro\u00dfe Pr\u00e4senz entlang der Strecke. Neben dem olympischen Gedanken \u201eDabei sein ist alles\u201c konnten auch sportliche Erfolge gefeiert werden. Die besten Ergebnisse der teilnehmenden Landjugend-Staffeln erzielten die Landjugend Neukirchen bei Lambach, Altenberg und Windischgarsten.<\/p>\n","protected":false},"excerpt":{"rendered":"BEZIRK KIRCHDORF. Der Linz Marathon 2026 lockte bei idealen Laufbedingungen mehr als 21.000 Teilnehmende in die Landeshauptstadt und&hellip;\n","protected":false},"author":2,"featured_media":100109,"comment_status":"","ping_status":"","sticky":false,"template":"","format":"standard","meta":{"footnotes":"","_share_on_mastodon":"0"},"categories":[30],"tags":[46,42,36853,36854,36855,20624,184,11726,44,36852,24109],"class_list":["post-100108","post","type-post","status-publish","format-standard","has-post-thumbnail","category-linz","tag-at","tag-austria","tag-distanz","tag-kremstal-running-collective","tag-landjugend-windischgarsten","tag-laufgemeinschaft-kirchdorf","tag-linz","tag-linz-marathon","tag-oesterreich","tag-staffelbewerbe","tag-vereine"],"share_on_mastodon":{"url":"https:\/\/pubeurope.com\/@at\/116397449202448312","error":""},"_links":{"self":[{"href":"https:\/\/www.europesays.com\/at\/wp-json\/wp\/v2\/posts\/100108","targetHints":{"allow":["GET"]}}],"collection":[{"href":"https:\/\/www.europesays.com\/at\/wp-json\/wp\/v2\/posts"}],"about":[{"href":"https:\/\/www.europesays.com\/at\/wp-json\/wp\/v2\/types\/post"}],"author":[{"embeddable":true,"href":"https:\/\/www.europesays.com\/at\/wp-json\/wp\/v2\/users\/2"}],"replies":[{"embeddable":true,"href":"https:\/\/www.europesays.com\/at\/wp-json\/wp\/v2\/comments?post=100108"}],"version-history":[{"count":0,"href":"https:\/\/www.europesays.com\/at\/wp-json\/wp\/v2\/posts\/100108\/revisions"}],"wp:featuredmedia":[{"embeddable":true,"href":"https:\/\/www.europesays.com\/at\/wp-json\/wp\/v2\/media\/100109"}],"wp:attachment":[{"href":"https:\/\/www.europesays.com\/at\/wp-json\/wp\/v2\/media?parent=100108"}],"wp:term":[{"taxonomy":"category","embeddable":true,"href":"https:\/\/www.europesays.com\/at\/wp-json\/wp\/v2\/categories?post=100108"},{"taxonomy":"post_tag","embeddable":true,"href":"https:\/\/www.europesays.com\/at\/wp-json\/wp\/v2\/tags?post=100108"}],"curies":[{"name":"wp","href":"https:\/\/api.w.org\/{rel}","templated":true}]}}