{"id":102581,"date":"2026-04-14T18:33:18","date_gmt":"2026-04-14T18:33:18","guid":{"rendered":"https:\/\/www.europesays.com\/at\/102581\/"},"modified":"2026-04-14T18:33:18","modified_gmt":"2026-04-14T18:33:18","slug":"laut-datenanalyse-mietobjekte-in-stadt-salzburg-weniger-gefragt","status":"publish","type":"post","link":"https:\/\/www.europesays.com\/at\/102581\/","title":{"rendered":"Laut Datenanalyse &#8211; Mietobjekte in Stadt Salzburg weniger gefragt"},"content":{"rendered":"<p>Ein Blick auf die Preise zeigt deutliche Unterschiede. Wien bleibt bei den angebotenen Mietpreisen mit durchschnittlich 22,41 Euro pro Quadratmeter unangefochten an der Spitze. Dahinter folgen Salzburg (21,23 Euro) und Tirol (21,13 Euro), die ebenfalls ein sehr hohes Preisniveau aufweisen. Deutlich breiter ist jedoch das Feld unterhalb des \u00d6sterreich-Schnitts von 16 Euro. Gleich f\u00fcnf Bundesl\u00e4nder liegen darunter. Am g\u00fcnstigsten ist das Burgenland mit 11,72 Euro pro Quadratmeter, gefolgt von Ober\u00f6sterreich (13,29 Euro) und der Steiermark (13,85 Euro). Auch K\u00e4rnten (15,13 Euro) und Nieder\u00f6sterreich (12,98 Euro) bleiben klar unter dem Schnitt und bieten damit vergleichsweise leistbaren Wohnraum.<\/p>\n","protected":false},"excerpt":{"rendered":"Ein Blick auf die Preise zeigt deutliche Unterschiede. Wien bleibt bei den angebotenen Mietpreisen mit durchschnittlich 22,41 Euro&hellip;\n","protected":false},"author":2,"featured_media":102582,"comment_status":"","ping_status":"","sticky":false,"template":"","format":"standard","meta":{"footnotes":"","_share_on_mastodon":"0"},"categories":[31],"tags":[1447,46,42,643,37550,2197,276,44,856,192,182],"class_list":["post-102581","post","type-post","status-publish","format-standard","has-post-thumbnail","category-salzburg","tag-vorarlberg","tag-at","tag-austria","tag-burgenland","tag-immoscout24","tag-kaernten","tag-oberoesterreich","tag-oesterreich","tag-oesterreichischen","tag-salzburg","tag-wien"],"share_on_mastodon":{"url":"https:\/\/pubeurope.com\/@at\/116404499482809492","error":""},"_links":{"self":[{"href":"https:\/\/www.europesays.com\/at\/wp-json\/wp\/v2\/posts\/102581","targetHints":{"allow":["GET"]}}],"collection":[{"href":"https:\/\/www.europesays.com\/at\/wp-json\/wp\/v2\/posts"}],"about":[{"href":"https:\/\/www.europesays.com\/at\/wp-json\/wp\/v2\/types\/post"}],"author":[{"embeddable":true,"href":"https:\/\/www.europesays.com\/at\/wp-json\/wp\/v2\/users\/2"}],"replies":[{"embeddable":true,"href":"https:\/\/www.europesays.com\/at\/wp-json\/wp\/v2\/comments?post=102581"}],"version-history":[{"count":0,"href":"https:\/\/www.europesays.com\/at\/wp-json\/wp\/v2\/posts\/102581\/revisions"}],"wp:featuredmedia":[{"embeddable":true,"href":"https:\/\/www.europesays.com\/at\/wp-json\/wp\/v2\/media\/102582"}],"wp:attachment":[{"href":"https:\/\/www.europesays.com\/at\/wp-json\/wp\/v2\/media?parent=102581"}],"wp:term":[{"taxonomy":"category","embeddable":true,"href":"https:\/\/www.europesays.com\/at\/wp-json\/wp\/v2\/categories?post=102581"},{"taxonomy":"post_tag","embeddable":true,"href":"https:\/\/www.europesays.com\/at\/wp-json\/wp\/v2\/tags?post=102581"}],"curies":[{"name":"wp","href":"https:\/\/api.w.org\/{rel}","templated":true}]}}