{"id":106564,"date":"2026-04-16T18:06:09","date_gmt":"2026-04-16T18:06:09","guid":{"rendered":"https:\/\/www.europesays.com\/at\/106564\/"},"modified":"2026-04-16T18:06:09","modified_gmt":"2026-04-16T18:06:09","slug":"axt-attacke-in-linz-ich-hatte-so-eine-wut-weil-er-geschimpft-hat","status":"publish","type":"post","link":"https:\/\/www.europesays.com\/at\/106564\/","title":{"rendered":"Axt-Attacke in Linz &#8211; \u201eIch hatte so eine Wut, weil er geschimpft hat\u201c"},"content":{"rendered":"<p>\u201eEine Gewalttat im \u00f6ffentlichen Raum ist immer ein zutiefst tragisches Ereignis, auch f\u00fcr die vielen Menschen, die Augenzeugen wurden. Wenn belastende Bilder, Angst, innere Unruhe oder ein Gef\u00fchl der Unsicherheit anhalten, ist es wichtig, rasch Unterst\u00fctzung anzunehmen\u201c, sagt Katja Sieper, Leiterin der Krisenhilfe Ober\u00f6sterreich. Betroffene k\u00f6nnen sich rund um die Uhr bei der Einrichtung melden.<\/p>\n","protected":false},"excerpt":{"rendered":"\u201eEine Gewalttat im \u00f6ffentlichen Raum ist immer ein zutiefst tragisches Ereignis, auch f\u00fcr die vielen Menschen, die Augenzeugen&hellip;\n","protected":false},"author":2,"featured_media":106565,"comment_status":"","ping_status":"","sticky":false,"template":"","format":"standard","meta":{"footnotes":"","_share_on_mastodon":"0"},"categories":[30],"tags":[46,42,37885,38589,38590,38591,38592,184,7760,44,1120,38593,38594],"class_list":["post-106564","post","type-post","status-publish","format-standard","has-post-thumbnail","category-linz","tag-at","tag-austria","tag-demian-lindmayr","tag-florian-roitner","tag-gernot-landsfried","tag-katja-sieper","tag-lindmayr","tag-linz","tag-martin-hajart","tag-oesterreich","tag-raiffeisen-landesbank","tag-rlb","tag-ulrichsberg"],"share_on_mastodon":{"url":"https:\/\/pubeurope.com\/@at\/116415717853006854","error":""},"_links":{"self":[{"href":"https:\/\/www.europesays.com\/at\/wp-json\/wp\/v2\/posts\/106564","targetHints":{"allow":["GET"]}}],"collection":[{"href":"https:\/\/www.europesays.com\/at\/wp-json\/wp\/v2\/posts"}],"about":[{"href":"https:\/\/www.europesays.com\/at\/wp-json\/wp\/v2\/types\/post"}],"author":[{"embeddable":true,"href":"https:\/\/www.europesays.com\/at\/wp-json\/wp\/v2\/users\/2"}],"replies":[{"embeddable":true,"href":"https:\/\/www.europesays.com\/at\/wp-json\/wp\/v2\/comments?post=106564"}],"version-history":[{"count":0,"href":"https:\/\/www.europesays.com\/at\/wp-json\/wp\/v2\/posts\/106564\/revisions"}],"wp:featuredmedia":[{"embeddable":true,"href":"https:\/\/www.europesays.com\/at\/wp-json\/wp\/v2\/media\/106565"}],"wp:attachment":[{"href":"https:\/\/www.europesays.com\/at\/wp-json\/wp\/v2\/media?parent=106564"}],"wp:term":[{"taxonomy":"category","embeddable":true,"href":"https:\/\/www.europesays.com\/at\/wp-json\/wp\/v2\/categories?post=106564"},{"taxonomy":"post_tag","embeddable":true,"href":"https:\/\/www.europesays.com\/at\/wp-json\/wp\/v2\/tags?post=106564"}],"curies":[{"name":"wp","href":"https:\/\/api.w.org\/{rel}","templated":true}]}}