{"id":113172,"date":"2026-04-20T09:49:05","date_gmt":"2026-04-20T09:49:05","guid":{"rendered":"https:\/\/www.europesays.com\/at\/113172\/"},"modified":"2026-04-20T09:49:05","modified_gmt":"2026-04-20T09:49:05","slug":"habe-versucht-eric-vor-franzi-zu-schuetzen","status":"publish","type":"post","link":"https:\/\/www.europesays.com\/at\/113172\/","title":{"rendered":"Habe versucht, Eric vor Franzi zu sch\u00fctzen"},"content":{"rendered":"<p>Eric Stehfest: Alles Aus mit Franzi Temme<\/p>\n<p>Nach den Dreharbeiten zu &#8222;Promis unter Palmen&#8220; zeigten sich Eric Stehfest (36) und Franziska Temme (30) immer gl\u00fccklich auf dem roten Teppich und <a href=\"https:\/\/www.ok-magazin.de\/people\/eric-stehfest-so-lernte-er-franzi-temme-wirklich-kennen-und-laeuft-es-heute-zwischen-ihnen-112879.html\" target=\"_blank\" data-entity-type=\"node\" data-entity-uuid=\"34d7d1f0-9ef6-4594-8e75-9e6d72e4dc28\" data-entity-substitution=\"canonical\" rel=\"noopener nofollow\">heizten somit die Ger\u00fcchte um eine Beziehung an<\/a>. Doch die beiden betonten immer wieder, dass sie sich lediglich in einer Kennenlernphase befinden w\u00fcrde. Worte, die Reality-TV-Kollegen<a href=\"https:\/\/www.ok-magazin.de\/people\/eric-stehfest-franzi-temme-fake-vorwurf-von-martin-angelo-nach-trennung-ok-magazinde-113353.html\" target=\"_blank\" data-entity-type=\"node\" data-entity-uuid=\"b1c592a8-7884-46a4-be03-2e9ed581d7d2\" data-entity-substitution=\"canonical\" rel=\"noopener nofollow\"> Martin Angelo (32) offenbar misstrauisch<\/a> machten, denn er machte deutlich, dass er die Turtelei als PR-Nummer wahrgenommen hatte. Vor wenigen Tagen gab der ehemalige GZSZ-Darsteller nun bekannt, dass alles Aus mit der h\u00fcbschen Blondine sei. &#8222;Die Kennenlernphase mit Franzi ist vorbei. Leider hat es nicht f\u00fcr eine ernsthafte Beziehung gereicht&#8220;,so seine Worte auf Instagram. &#8222;Bitte macht euch keine Sorgen, mir geht es gut mit dieser Entscheidung. Zwischen Franzi und mir gibt es kein b\u00f6ses Blut. Wir verstehen uns trotz alledem gut.&#8220;<\/p>\n<p>&#8222;Es war f\u00fcr mich eh nur eine Frage der Zeit&#8220;<\/p>\n<p>W\u00e4hrend viele Fans die Trennung von Eric Stehfest und Franzi Temme bedauern, kommt das Aus f\u00fcr Erics Ex Edith Stehfest (30) nicht \u00fcberraschend. Bei den &#8222;Reality Awards&#8220; in Bonn sagte sie zum &#8222;Berliner Kurier&#8220;: &#8222;Ich wei\u00df das schon l\u00e4nger. Es war f\u00fcr mich eh nur eine Frage der Zeit. Ich habe das nicht nur geahnt, sondern ich habe das vor acht Monaten auch in Thailand gesehen.&#8220; Dann findet sie deutliche Worte:<\/p>\n<p>Deswegen habe ich damals auch versucht, Eric vor Franzi zu besch\u00fctzen.<\/p>\n<p>Was Edith Stehfest damit meint? &#8222;Ich war zehn Jahre lang mit einem GZSZ-Star verheiratet. Frauen mit Hintergedanken sehe ich auf zw\u00f6lf Metern gegen den Wind. Das h\u00f6re und sehe ich.&#8220; Und weiter: &#8222;Sie ist eine sch\u00f6ne Frau und sie ist auch ein guter Mensch. Mir war klar, dass er sich da mitnehmen l\u00e4sst.&#8220; Edith Stehfest h\u00e4tten ihren Ex Eric Stehfest gerne besch\u00fctzt: &#8222;Aber den Namen, die Pr\u00e4senz und die Plattform, was er ihr alles gegeben hat, kamen ihr gut gelegen. Bestimmt war es f\u00fcr sie cool, sich nach einer Person wie mir zu beweisen: &#8218;Ach, die Edith ist so doof. Schau mal, ich kann ihm auch was Gutes tun.&#8216; Bei mir hat der Besch\u00fctzerinstinkt eingesetzt. Eric l\u00e4sst kaum einen Menschen an sich ran. Bei ihr hat er sich darauf eingelassen.&#8220;<\/p>\n<p>Verwendete Quellen: Berliner Kurier, Instagram<\/p>\n","protected":false},"excerpt":{"rendered":"Eric Stehfest: Alles Aus mit Franzi Temme Nach den Dreharbeiten zu &#8222;Promis unter Palmen&#8220; zeigten sich Eric Stehfest&hellip;\n","protected":false},"author":2,"featured_media":113173,"comment_status":"","ping_status":"","sticky":false,"template":"","format":"standard","meta":{"footnotes":"","_share_on_mastodon":"0"},"categories":[25],"tags":[46,42,20617,147,20616,40284,44,156,155,148],"class_list":["post-113172","post","type-post","status-publish","format-standard","has-post-thumbnail","category-serien","tag-at","tag-austria","tag-edith-stehfest","tag-entertainment","tag-eric-stehfest","tag-franziska-temme","tag-oesterreich","tag-serien","tag-series","tag-unterhaltung"],"share_on_mastodon":{"url":"https:\/\/pubeurope.com\/@at\/116436413053585184","error":""},"_links":{"self":[{"href":"https:\/\/www.europesays.com\/at\/wp-json\/wp\/v2\/posts\/113172","targetHints":{"allow":["GET"]}}],"collection":[{"href":"https:\/\/www.europesays.com\/at\/wp-json\/wp\/v2\/posts"}],"about":[{"href":"https:\/\/www.europesays.com\/at\/wp-json\/wp\/v2\/types\/post"}],"author":[{"embeddable":true,"href":"https:\/\/www.europesays.com\/at\/wp-json\/wp\/v2\/users\/2"}],"replies":[{"embeddable":true,"href":"https:\/\/www.europesays.com\/at\/wp-json\/wp\/v2\/comments?post=113172"}],"version-history":[{"count":0,"href":"https:\/\/www.europesays.com\/at\/wp-json\/wp\/v2\/posts\/113172\/revisions"}],"wp:featuredmedia":[{"embeddable":true,"href":"https:\/\/www.europesays.com\/at\/wp-json\/wp\/v2\/media\/113173"}],"wp:attachment":[{"href":"https:\/\/www.europesays.com\/at\/wp-json\/wp\/v2\/media?parent=113172"}],"wp:term":[{"taxonomy":"category","embeddable":true,"href":"https:\/\/www.europesays.com\/at\/wp-json\/wp\/v2\/categories?post=113172"},{"taxonomy":"post_tag","embeddable":true,"href":"https:\/\/www.europesays.com\/at\/wp-json\/wp\/v2\/tags?post=113172"}],"curies":[{"name":"wp","href":"https:\/\/api.w.org\/{rel}","templated":true}]}}