{"id":120508,"date":"2026-04-24T00:13:08","date_gmt":"2026-04-24T00:13:08","guid":{"rendered":"https:\/\/www.europesays.com\/at\/120508\/"},"modified":"2026-04-24T00:13:08","modified_gmt":"2026-04-24T00:13:08","slug":"tor-beim-oeehv-debuet-fuer-kolarik-es-fuehlt-sich-wie-im-traum-an","status":"publish","type":"post","link":"https:\/\/www.europesays.com\/at\/120508\/","title":{"rendered":"Tor beim \u00d6EHV-Deb\u00fct f\u00fcr Kolarik: &#8222;Es f\u00fchlt sich wie im Traum an&#8220;"},"content":{"rendered":"<p>Erstes Spiel, erstes Tor. Viel besser h\u00e4tte das Nationalteam-Deb\u00fct f\u00fcr Leon Kolarik nicht laufen k\u00f6nnen.<\/p>\n<p>Der 18-J\u00e4hrige erzielte bei \u00d6sterreichs 1:5-Niederlage im vierten WM-Testspiel gegen Tschechien den einzigen Treffer. <a target=\"_blank\" rel=\"noopener noreferrer nofollow\" href=\"https:\/\/www.laola1.at\/de\/red\/wintersport\/eishockey\/nationalteam\/news\/debuetant-trifft-bei-klarer-oeehv-niederlage-gegen-tschechien\/\">Spielbericht &gt;&gt;&gt;<\/a><\/p>\n<p>&#8222;Es f\u00fchlt sich wie im Traum an&#8220;, sagte der junge St\u00fcrmer, dem dieser besondere Meilenstein ausgerechnet in seiner Heimatstadt Wien und vor zahlreichen Familienmitgliedern gelungen ist.<\/p>\n<p>Bader attestiert Kolarik &#8222;enorm viel Talent&#8220;<\/p>\n<p>Dass es \u00fcberhaupt dazu kam, war f\u00fcr den Wiener \u00fcberraschend. Er war nach dem Saisonende in Kanada bei den Peterborough Petes bereits vor zwei Wochen in die Heimat zur\u00fcckgekehrt, ehe Teamchef Roger Bader ihn zum Nationalteam einlud.<\/p>\n<p>W\u00e4re dies nicht passiert, h\u00e4tte er noch eine Woche Pause gemacht und dann das Sommertraining gestartet, erkl\u00e4rte Kolarik. Stattdessen gab der Fl\u00fcgelst\u00fcrmer in seinem Premieren-<a href=\"https:\/\/www.laola1.at\/de\/daten\/news\/laenderspiel\/\" class=\"tag\" rel=\"nofollow noopener\" target=\"_blank\">L\u00e4nderspiel<\/a> gleich eine &#8222;gute Visitenkarte&#8220; ab, meinte Bader.<\/p>\n<p>&#8222;Er hat bereits im Training gut ausgesehen, hat mir auch bei der U20-WM gefallen. Es \u00fcberrascht mich nicht einmal, dass er ein Tor schie\u00dft&#8220;, sagte der Schweizer und attestierte Kolarik &#8222;enorm viel Talent. Er k\u00f6nnte eine gro\u00dfe Karriere hinlegen.&#8220;<\/p>\n<p>Lehrreiche L\u00e4nderspiel-Premiere<\/p>\n<p>Auf dem m\u00f6glichen Weg dorthin war die Begegnung mit Tschechien \u00e4u\u00dferst lehrreich.<\/p>\n<p>Die Umstellung vom kanadischen Junioren-<a href=\"https:\/\/www.laola1.at\/de\/daten\/news\/eishockey\/eishockey\/\" class=\"tag\" rel=\"nofollow noopener\" target=\"_blank\">Eishockey<\/a> auf die internationale B\u00fchne war gro\u00df, gab der Deb\u00fctant zu. &#8222;Vor allem, weil ich zwei Wochen Pause hatte und nichts gemacht habe. Ich musste diese Woche auch im Training erst wieder reinkommen&#8220;, so Kolarik.<\/p>\n<p>Das erste Drittel, in dem \u00d6sterreich allgemein keine sonderlich gute Figur abgab, nutzte er, um sich an Tempo und Intensit\u00e4t zu gew\u00f6hnen. &#8222;Ab dem zweiten Drittel ging es voll&#8220;, meinte der Wiener, der dort mit einem sch\u00f6nen Schuss das zwischenzeitliche 1:3 erzielte.<\/p>\n<p>Was war schlussendlich die gr\u00f6\u00dfte Herausforderung? &#8222;Das K\u00f6rperspiel&#8220;, betonte Kolarik, &#8222;das sind alles ausgewachsene M\u00e4nner &#8211; und ich bin erst 18 Jahre alt.&#8220;<\/p>\n","protected":false},"excerpt":{"rendered":"Erstes Spiel, erstes Tor. Viel besser h\u00e4tte das Nationalteam-Deb\u00fct f\u00fcr Leon Kolarik nicht laufen k\u00f6nnen. Der 18-J\u00e4hrige erzielte&hellip;\n","protected":false},"author":2,"featured_media":120509,"comment_status":"","ping_status":"","sticky":false,"template":"","format":"standard","meta":{"footnotes":"","_share_on_mastodon":"0"},"categories":[8],"tags":[300,35024,7902,41135,7904,40,41,28053,32086,39,38,117],"class_list":["post-120508","post","type-post","status-publish","format-standard","has-post-thumbnail","category-nachrichten","tag-eishockey","tag-eishockey-wm","tag-laola1","tag-leon-kolarik","tag-maximilian-girschele","tag-nachrichten","tag-news","tag-oeehv-nationalteam","tag-roger-bader","tag-schlagzeilen","tag-top-meldungen","tag-wintersport"],"share_on_mastodon":{"url":"https:\/\/pubeurope.com\/@at\/116456797130925505","error":""},"_links":{"self":[{"href":"https:\/\/www.europesays.com\/at\/wp-json\/wp\/v2\/posts\/120508","targetHints":{"allow":["GET"]}}],"collection":[{"href":"https:\/\/www.europesays.com\/at\/wp-json\/wp\/v2\/posts"}],"about":[{"href":"https:\/\/www.europesays.com\/at\/wp-json\/wp\/v2\/types\/post"}],"author":[{"embeddable":true,"href":"https:\/\/www.europesays.com\/at\/wp-json\/wp\/v2\/users\/2"}],"replies":[{"embeddable":true,"href":"https:\/\/www.europesays.com\/at\/wp-json\/wp\/v2\/comments?post=120508"}],"version-history":[{"count":0,"href":"https:\/\/www.europesays.com\/at\/wp-json\/wp\/v2\/posts\/120508\/revisions"}],"wp:featuredmedia":[{"embeddable":true,"href":"https:\/\/www.europesays.com\/at\/wp-json\/wp\/v2\/media\/120509"}],"wp:attachment":[{"href":"https:\/\/www.europesays.com\/at\/wp-json\/wp\/v2\/media?parent=120508"}],"wp:term":[{"taxonomy":"category","embeddable":true,"href":"https:\/\/www.europesays.com\/at\/wp-json\/wp\/v2\/categories?post=120508"},{"taxonomy":"post_tag","embeddable":true,"href":"https:\/\/www.europesays.com\/at\/wp-json\/wp\/v2\/tags?post=120508"}],"curies":[{"name":"wp","href":"https:\/\/api.w.org\/{rel}","templated":true}]}}