{"id":124758,"date":"2026-04-26T11:37:09","date_gmt":"2026-04-26T11:37:09","guid":{"rendered":"https:\/\/www.europesays.com\/at\/124758\/"},"modified":"2026-04-26T11:37:09","modified_gmt":"2026-04-26T11:37:09","slug":"mutmassliche-beteiligung-an-sportbetrug-italiens-schiri-koordinator-suspendiert-sich-selbst","status":"publish","type":"post","link":"https:\/\/www.europesays.com\/at\/124758\/","title":{"rendered":"Mutma\u00dfliche Beteiligung an Sportbetrug: Italiens Schiri-Koordinator suspendiert sich selbst"},"content":{"rendered":"<p _ngcontent-tt-com-www-c3071245697=\"\" data-cy=\"body\">Mailand \u2013 Der italienische Fu\u00dfball steht vor einem neuen Skandal. Der Schiedsrichter-Koordinator f\u00fcr die Serie A und B, Gianluca Rocchi, hat sich selbst von seinem Amt suspendiert, nachdem die Staatsanwaltschaft Mailand Ermittlungen gegen ihn wegen mutma\u00dflicher Beteiligung an Sportbetrug aufgenommen hat. Auch der VAR-Supervisor Andrea Gervasoni zog mit einer entsprechenden Entscheidung nach, teilte der Schiedsrichterverband AIA in einer Mitteilung am Samstagabend mit.<\/p>\n<p _ngcontent-tt-com-www-c3071245697=\"\" data-cy=\"body\">Der Verband k\u00fcndigte an, umgehend den Nationalausschuss einzuberufen, um \u00fcber personelle Konsequenzen zu beraten. Den Ermittlungen zufolge soll Rocchi Druck auf Schiedsrichter ausge\u00fcbt und Einfluss auf VAR-Entscheidungen genommen haben. Zudem geht es um den Vorwurf, bei Ansetzungen Referees ausgew\u00e4hlt zu haben, die dem Club Inter Mailand zugeneigt gewesen seien, wie Gazzetta dello Sport berichtete.<\/p>\n<p _ngcontent-tt-com-www-c3071245697=\"\" data-cy=\"body\">Mehrere Spiele der vergangenen Saison sollen von den Ermittlern \u00fcberpr\u00fcft werden. Dazu geh\u00f6ren unter anderem die Serie-A-Begegnungen Udinese gegen Parma, das Udinese dank eines Elfmeters gewonnen hat, sowie Inter gegen Hellas Verona, das die Mail\u00e4nder mit 2:1 f\u00fcr sich entschieden.<\/p>\n<p _ngcontent-tt-com-www-c3071245697=\"\" data-cy=\"body\">Auch die italienische Sportjustiz wurde eingeschaltet: Die Staatsanwaltschaft des Fu\u00dfballverbands FIGC forderte die Ermittlungsakten aus Mailand an. Sportminister Andrea Abodi stellte Konsequenzen in Aussicht, sollten sich die Vorw\u00fcrfe best\u00e4tigen. Der 52-j\u00e4hrige Rocchi wies die Anschuldigungen zur\u00fcck und erkl\u00e4rte, er habe stets korrekt gehandelt. Die Selbstsuspendierung sei erfolgt, um den Ablauf der Ermittlungen nicht zu beeintr\u00e4chtigen. Er ist seit 2021 Schiedsrichterkoordinator f\u00fcr die Serie A und B. (APA)<\/p>\n","protected":false},"excerpt":{"rendered":"Mailand \u2013 Der italienische Fu\u00dfball steht vor einem neuen Skandal. Der Schiedsrichter-Koordinator f\u00fcr die Serie A und B,&hellip;\n","protected":false},"author":2,"featured_media":124759,"comment_status":"","ping_status":"","sticky":false,"template":"","format":"standard","meta":{"footnotes":"","_share_on_mastodon":"0"},"categories":[18],"tags":[46,42,31448,964,43139,44,10829,109,108,43140],"class_list":["post-124758","post","type-post","status-publish","format-standard","has-post-thumbnail","category-sport","tag-at","tag-austria","tag-figc","tag-fussball","tag-gianluca-rocchi","tag-oesterreich","tag-schiedsrichter","tag-sport","tag-sports","tag-staatsanwaltschaft-mailand"],"share_on_mastodon":{"url":"https:\/\/pubeurope.com\/@at\/116470811398091443","error":""},"_links":{"self":[{"href":"https:\/\/www.europesays.com\/at\/wp-json\/wp\/v2\/posts\/124758","targetHints":{"allow":["GET"]}}],"collection":[{"href":"https:\/\/www.europesays.com\/at\/wp-json\/wp\/v2\/posts"}],"about":[{"href":"https:\/\/www.europesays.com\/at\/wp-json\/wp\/v2\/types\/post"}],"author":[{"embeddable":true,"href":"https:\/\/www.europesays.com\/at\/wp-json\/wp\/v2\/users\/2"}],"replies":[{"embeddable":true,"href":"https:\/\/www.europesays.com\/at\/wp-json\/wp\/v2\/comments?post=124758"}],"version-history":[{"count":0,"href":"https:\/\/www.europesays.com\/at\/wp-json\/wp\/v2\/posts\/124758\/revisions"}],"wp:featuredmedia":[{"embeddable":true,"href":"https:\/\/www.europesays.com\/at\/wp-json\/wp\/v2\/media\/124759"}],"wp:attachment":[{"href":"https:\/\/www.europesays.com\/at\/wp-json\/wp\/v2\/media?parent=124758"}],"wp:term":[{"taxonomy":"category","embeddable":true,"href":"https:\/\/www.europesays.com\/at\/wp-json\/wp\/v2\/categories?post=124758"},{"taxonomy":"post_tag","embeddable":true,"href":"https:\/\/www.europesays.com\/at\/wp-json\/wp\/v2\/tags?post=124758"}],"curies":[{"name":"wp","href":"https:\/\/api.w.org\/{rel}","templated":true}]}}