{"id":125885,"date":"2026-04-27T06:38:06","date_gmt":"2026-04-27T06:38:06","guid":{"rendered":"https:\/\/www.europesays.com\/at\/125885\/"},"modified":"2026-04-27T06:38:06","modified_gmt":"2026-04-27T06:38:06","slug":"klassenerhalt-der-sv-ried-ist-rechnerisch-noch-nicht-fix","status":"publish","type":"post","link":"https:\/\/www.europesays.com\/at\/125885\/","title":{"rendered":"Klassenerhalt der SV Ried ist rechnerisch noch nicht fix"},"content":{"rendered":"<p>RIED.\u00a0Durch die 0:1-Niederlage bei der WSG Tirol ist der Klassenerhalt der SV Oberbank Ried zumindest rechnerisch noch nicht endg\u00fcltig gesichert.<\/p>\n<p>Das Spiel in Innsbruck war eines der schw\u00e4chsten der Saison f\u00fcr die SVR. Mannschaftskapit\u00e4n Andreas Leitner sparte danach nicht mit Selbstkritik. Er sprach von einer \u201eerschreckenden ersten Halbzeit\u201c und einer \u201ef\u00fcrchterlichen Performance\u201c seines Teams: \u201eWir m\u00fcssen jetzt den Kopf richtig hinbekommen und unsere gute Saison ordentlich abschlie\u00dfen.\u201c<\/p>\n<p>Noch zwei Heimspiele<\/p>\n<p>Die SV Ried empf\u00e4ngt am Samstag, 2. Mai, um 17 Uhr Blau-Wei\u00df Linz, das drei der letzten vier Spiele gewann und dabei 11:0 Tore erzielte.\u00a0<\/p>\n<p>In der vorletzten Runde hat die SVR ebenfalls ein Heimspiel, zu Gast ist am Samstag, 9. Mai, um 17 Uhr der Wolfsberger AC. Zum Saisonabschluss am Samstag, 16. Mai, m\u00fcssen die Schwarz-Gr\u00fcnen beim Pokalfinalisten SCR Altach antreten.<\/p>\n<p>Regionalliga Mitte<\/p>\n<p>Union Gurten h\u00e4lt in der Regionalliga Mitte Kurs auf Platz zwei. Die Mannschaft von Trainer Peter Madritsch besiegte SK Treibach mit 1:0 und ist jetzt seit acht Spielen ungeschlagen.<\/p>\n<p>Die Jungen Wikinger kassierten am Sonntag eine 0:3-Heimniederlage gegen Ask\u00f6 Oedt und rutschten auf den vorletzten Tabellenplatz. Durch die Gurtener Sch\u00fctzenhilfe blieb zumindest der Ein-Punkte-Abstand auf Treibach gleich.<\/p>\n<p>In der n\u00e4chsten Runde d\u00fcrfen die SVR-Amateure nicht mit Sch\u00fctzenhilfe rechnen: Am Freitag, 1. Mai, um 18 Uhr empf\u00e4ngt die Union Gurten die Jungen Wikinger im Bezirksderby.<\/p>\n","protected":false},"excerpt":{"rendered":"RIED.\u00a0Durch die 0:1-Niederlage bei der WSG Tirol ist der Klassenerhalt der SV Oberbank Ried zumindest rechnerisch noch nicht&hellip;\n","protected":false},"author":2,"featured_media":125886,"comment_status":"","ping_status":"","sticky":false,"template":"","format":"standard","meta":{"footnotes":"","_share_on_mastodon":"0"},"categories":[8],"tags":[676,964,43358,40,41,10182,39,4334,38,23125],"class_list":["post-125885","post","type-post","status-publish","format-standard","has-post-thumbnail","category-nachrichten","tag-bundesliga","tag-fussball","tag-junge-wikinger","tag-nachrichten","tag-news","tag-regionalliga-mitte","tag-schlagzeilen","tag-sv-ried","tag-top-meldungen","tag-union-gurten"],"share_on_mastodon":{"url":"https:\/\/pubeurope.com\/@at\/116475297965850653","error":""},"_links":{"self":[{"href":"https:\/\/www.europesays.com\/at\/wp-json\/wp\/v2\/posts\/125885","targetHints":{"allow":["GET"]}}],"collection":[{"href":"https:\/\/www.europesays.com\/at\/wp-json\/wp\/v2\/posts"}],"about":[{"href":"https:\/\/www.europesays.com\/at\/wp-json\/wp\/v2\/types\/post"}],"author":[{"embeddable":true,"href":"https:\/\/www.europesays.com\/at\/wp-json\/wp\/v2\/users\/2"}],"replies":[{"embeddable":true,"href":"https:\/\/www.europesays.com\/at\/wp-json\/wp\/v2\/comments?post=125885"}],"version-history":[{"count":0,"href":"https:\/\/www.europesays.com\/at\/wp-json\/wp\/v2\/posts\/125885\/revisions"}],"wp:featuredmedia":[{"embeddable":true,"href":"https:\/\/www.europesays.com\/at\/wp-json\/wp\/v2\/media\/125886"}],"wp:attachment":[{"href":"https:\/\/www.europesays.com\/at\/wp-json\/wp\/v2\/media?parent=125885"}],"wp:term":[{"taxonomy":"category","embeddable":true,"href":"https:\/\/www.europesays.com\/at\/wp-json\/wp\/v2\/categories?post=125885"},{"taxonomy":"post_tag","embeddable":true,"href":"https:\/\/www.europesays.com\/at\/wp-json\/wp\/v2\/tags?post=125885"}],"curies":[{"name":"wp","href":"https:\/\/api.w.org\/{rel}","templated":true}]}}