{"id":126110,"date":"2026-04-27T09:13:09","date_gmt":"2026-04-27T09:13:09","guid":{"rendered":"https:\/\/www.europesays.com\/at\/126110\/"},"modified":"2026-04-27T09:13:09","modified_gmt":"2026-04-27T09:13:09","slug":"studentenwohnheim-bei-uns-gibt-es-keine-wucherpreise","status":"publish","type":"post","link":"https:\/\/www.europesays.com\/at\/126110\/","title":{"rendered":"Studentenwohnheim &#8211; \u201eBei uns gibt es keine Wucherpreise!\u201c"},"content":{"rendered":"<p>In der Tiroler Landeshauptstadt gibt es laut offizieller Auskunft der Stadt 40 Studierendenheime, aktuell befinden sich drei weitere in Bau und zwei weitere in Planung, der Baustart ist aber jeweils noch offen. Das Projekt Maximilianstra\u00dfe h\u00e4tte den Vorteil, dass es sofort umgesetzt werden k\u00f6nnte: Die Pl\u00e4ne sind fix und fertig mit der Stadt abgestimmt, zudem fallen f\u00fcr diese keine Kosten an. Das einzige, was derzeit fehlt, ist ein erg\u00e4nzender Bebauungsplan.\u00a0<\/p>\n","protected":false},"excerpt":{"rendered":"In der Tiroler Landeshauptstadt gibt es laut offizieller Auskunft der Stadt 40 Studierendenheime, aktuell befinden sich drei weitere&hellip;\n","protected":false},"author":2,"featured_media":126111,"comment_status":"","ping_status":"","sticky":false,"template":"","format":"standard","meta":{"footnotes":"","_share_on_mastodon":"0"},"categories":[32],"tags":[46,42,43400,43401,193,44,43402,43403,43404],"class_list":["post-126110","post","type-post","status-publish","format-standard","has-post-thumbnail","category-innsbruck","tag-at","tag-austria","tag-bernhard-tschrepitsch","tag-franz-pichler","tag-innsbruck","tag-oesterreich","tag-pichler-die","tag-stift-admont","tag-tschrepitsch"],"share_on_mastodon":{"url":"https:\/\/pubeurope.com\/@at\/116475907586924644","error":""},"_links":{"self":[{"href":"https:\/\/www.europesays.com\/at\/wp-json\/wp\/v2\/posts\/126110","targetHints":{"allow":["GET"]}}],"collection":[{"href":"https:\/\/www.europesays.com\/at\/wp-json\/wp\/v2\/posts"}],"about":[{"href":"https:\/\/www.europesays.com\/at\/wp-json\/wp\/v2\/types\/post"}],"author":[{"embeddable":true,"href":"https:\/\/www.europesays.com\/at\/wp-json\/wp\/v2\/users\/2"}],"replies":[{"embeddable":true,"href":"https:\/\/www.europesays.com\/at\/wp-json\/wp\/v2\/comments?post=126110"}],"version-history":[{"count":0,"href":"https:\/\/www.europesays.com\/at\/wp-json\/wp\/v2\/posts\/126110\/revisions"}],"wp:featuredmedia":[{"embeddable":true,"href":"https:\/\/www.europesays.com\/at\/wp-json\/wp\/v2\/media\/126111"}],"wp:attachment":[{"href":"https:\/\/www.europesays.com\/at\/wp-json\/wp\/v2\/media?parent=126110"}],"wp:term":[{"taxonomy":"category","embeddable":true,"href":"https:\/\/www.europesays.com\/at\/wp-json\/wp\/v2\/categories?post=126110"},{"taxonomy":"post_tag","embeddable":true,"href":"https:\/\/www.europesays.com\/at\/wp-json\/wp\/v2\/tags?post=126110"}],"curies":[{"name":"wp","href":"https:\/\/api.w.org\/{rel}","templated":true}]}}