{"id":130988,"date":"2026-04-29T19:04:10","date_gmt":"2026-04-29T19:04:10","guid":{"rendered":"https:\/\/www.europesays.com\/at\/130988\/"},"modified":"2026-04-29T19:04:10","modified_gmt":"2026-04-29T19:04:10","slug":"vatikan-papamobil-reist-fuer-den-guten-zweck-durch-die-usa","status":"publish","type":"post","link":"https:\/\/www.europesays.com\/at\/130988\/","title":{"rendered":"Vatikan: Papamobil reist f\u00fcr den guten Zweck durch die USA"},"content":{"rendered":"<p>Das vatikanische Dikasterium f\u00fcr den Dienst der N\u00e4chstenliebe hat eine Kooperation mit der US-amerikanischen Hilfsorganisation \u201eCross Catholic Outreach\u201c initiiert, um Kinder in Konfliktgebieten weltweit zu unterst\u00fctzen. Im Rahmen der Aktion mit dem Titel \u201eAmerican Catholic Heroes: The Road Trip for Hope\u201c wird ein Papamobil \u00fcber eine Strecke von etwa 3.700 Meilen (etwa 6.000 Kilometern) von New York bis nach Kalifornien fahren.<\/p>\n<p>     <a href=\"https:\/\/www.vaticannews.va\/de\/papst\/news\/2024-11\/papst-christliche-hoffnung-braucht-engagement-welttag-der-armen.html\" title=\"Papst am Welttag der Armen: \u201eChristliche Hoffnung braucht unser Engagement\u201c\" rel=\"nofollow noopener\" target=\"_blank\"><\/p>\n<p>        <img decoding=\"async\" src=\"data:image\/gif;base64,R0lGODlhAQABAIAAAAAAAP\/\/\/yH5BAEAAAAALAAAAAABAAEAAAIBRAA7\" data-original=\"https:\/\/www.vaticannews.va\/content\/dam\/vaticannews\/agenzie\/images\/srv\/2024\/11\/17\/2024-11-17-santa-messa---giornata-mondiale-dei-poveri\/1731835660983.jpg\/_jcr_content\/renditions\/cq5dam.thumbnail.cropped.500.281.jpeg\" alt=\"Papst am Welttag der Armen: \u201eChristliche Hoffnung braucht unser Engagement\u201c\"\/><\/p>\n<p>      <\/a><\/p>\n<p>\n      Papst Franziskus hat am Welttag der Armen die Gl\u00e4ubigen dazu aufgerufen, t\u00e4tige Zeugen der Frohen Botschaft zu sein. \u201eDie Christliche Hoffnung braucht uns und unser Engagement\u201c, &#8230;\n     <\/p>\n<p>Mario Galgano &#8211; Vatikanstadt<\/p>\n<p>Am 28. April 2026 \u00fcbergab der Pr\u00e4fekt des Dikasteriums, Erzbischof Luis Mar\u00edn de San Mart\u00edn, die Fahrzeugschl\u00fcssel an die Pr\u00e4sidentin der Organisation, Michele Sagarino. Am darauffolgenden Morgen erhielt Sagarino die Gelegenheit, Papst Leo am Ende der Generalaudienz zu treffen und die Arbeit der Organisation vorzustellen. Die Reise des Fahrzeugs soll dazu dienen, Momente des Gebets und der Reflexion zu schaffen und gleichzeitig die Realit\u00e4t von Kriegsopfern in das \u00f6ffentliche Bewusstsein zu r\u00fccken. Im Anschluss an die Rundreise wird eine Benefizauktion in den Vereinigten Staaten stattfinden, deren Erl\u00f6s den karitativen Aufgaben des Dikasteriums zuflie\u00dft.<\/p>\n<p>    <img decoding=\"async\" src=\"data:image\/gif;base64,R0lGODlhAQABAIAAAAAAAP\/\/\/yH5BAEAAAAALAAAAAABAAEAAAIBRAA7\" data-original=\"https:\/\/www.vaticannews.va\/content\/dam\/vaticannews\/multimedia\/2026\/aprile\/29\/Michele-Sagarino-presidente-di-Cross-Catholic-Outreach.jpg\/_jcr_content\/renditions\/cq5dam.thumbnail.cropped.750.422.jpeg\" alt=\"Papst Leo spricht mit der Vorsitzenden von Cross Catholic Outreach, Michele Sagarino\" title=\"Papst Leo spricht mit der Vorsitzenden von Cross Catholic Outreach, Michele Sagarino\"\/><\/p>\n<p>\n   Papst Leo spricht mit der Vorsitzenden von Cross Catholic Outreach, Michele Sagarino\n  <\/p>\n<p>Erzbischof Luis Mar\u00edn de San Mart\u00edn erkl\u00e4rte, dass die christliche N\u00e4chstenliebe \u00fcber die Theorie hinausgehen und in praktisches Handeln m\u00fcnden m\u00fcsse. Die \u00dcbergabe des Fahrzeugs st\u00e4rke die Verbindung zum Papst und diene der Solidarit\u00e4t mit Bed\u00fcrftigen. Die Organisation \u201eCross Catholic Outreach\u201c, die seit fast 25 Jahren besteht, war allein im Jahr 2024 in 32 L\u00e4ndern t\u00e4tig, darunter Malawi, Sambia und Haiti. Dort unterst\u00fctzt sie Projekte in den Bereichen Gesundheit, Landwirtschaft, Ern\u00e4hrung und Bildung.<\/p>\n<p>    <img decoding=\"async\" src=\"data:image\/gif;base64,R0lGODlhAQABAIAAAAAAAP\/\/\/yH5BAEAAAAALAAAAAABAAEAAAIBRAA7\" data-original=\"https:\/\/www.vaticannews.va\/content\/dam\/vaticannews\/multimedia\/2026\/aprile\/29\/IMG-20260428-WA0035.jpg\/_jcr_content\/renditions\/cq5dam.thumbnail.cropped.750.422.jpeg\" alt=\"Der Pr\u00e4fekt des Dikasteriums f\u00fcr den Dienst der N\u00e4chstenliebe, Erzbischof Luis Mar\u00edn de San Mart\u00edn, und die Vorsitzende von Cross Catholic Outreach, Michele Sagarino\" title=\"Der Pr\u00e4fekt des Dikasteriums f\u00fcr den Dienst der N\u00e4chstenliebe, Erzbischof Luis Mar\u00edn de San Mart\u00edn, und die Vorsitzende von Cross Catholic Outreach, Michele Sagarino\"\/><\/p>\n<p>\n   Der Pr\u00e4fekt des Dikasteriums f\u00fcr den Dienst der N\u00e4chstenliebe, Erzbischof Luis Mar\u00edn de San Mart\u00edn, und die Vorsitzende von Cross Catholic Outreach, Michele Sagarino\n  <\/p>\n<p>\u201eHopemobile\u201c <\/p>\n<p>Das Projekt, bei dem das Fahrzeug als \u201eHopemobile\u201c bezeichnet wird, ist f\u00fcr die Monate Juni und Juli 2026 geplant. Der Zeitraum \u00fcberschneidet sich mit dem 250. Jahrestag der Unterzeichnung der Unabh\u00e4ngigkeitserkl\u00e4rung der Vereinigten Staaten. Die Route umfasst 13 St\u00e4dte, darunter Washington und New York, sowie Stationen in St. Louis und an der Universit\u00e4t Notre Dame, bevor die Reise in Kalifornien endet.<\/p>\n<p>    <img decoding=\"async\" src=\"data:image\/gif;base64,R0lGODlhAQABAIAAAAAAAP\/\/\/yH5BAEAAAAALAAAAAABAAEAAAIBRAA7\" data-original=\"https:\/\/www.vaticannews.va\/content\/dam\/vaticannews\/multimedia\/2026\/aprile\/29\/All.-5c.jpg\/_jcr_content\/renditions\/cq5dam.thumbnail.cropped.750.422.jpeg\" alt=\"\u201cHopemobile\u201d\" title=\"\u201cHopemobile\u201d\"\/><\/p>\n<p>\n   \u201cHopemobile\u201d\n  <\/p>\n<p>Die Initiative wurde bereits unter Papst Franziskus autorisiert, um Mittel f\u00fcr Arme und insbesondere f\u00fcr junge Opfer bewaffneter Auseinandersetzungen zu generieren. In der Apostolischen Exhortation \u201e<a href=\"https:\/\/www.vatican.va\/content\/leo-xiv\/de\/apost_exhortations\/documents\/20251004-dilexi-te.html\" rel=\"external nofollow noopener\" target=\"_blank\">Dilexi te<\/a>\u201c betonte Papst Leo die Bedeutung der Zuwendung zu den Menschen in den am st\u00e4rksten betroffenen Regionen. Das Dikasterium f\u00fcr den Dienst der N\u00e4chstenliebe setzt diesen Auftrag durch die aktuelle Kooperation in den Vereinigten Staaten fort.<\/p>\n<p>(vatican news)<\/p>\n","protected":false},"excerpt":{"rendered":"Das vatikanische Dikasterium f\u00fcr den Dienst der N\u00e4chstenliebe hat eine Kooperation mit der US-amerikanischen Hilfsorganisation \u201eCross Catholic Outreach\u201c&hellip;\n","protected":false},"author":2,"featured_media":130989,"comment_status":"","ping_status":"","sticky":false,"template":"","format":"standard","meta":{"footnotes":"","_share_on_mastodon":"0"},"categories":[12],"tags":[44544,44547,44546,40,41,44543,39,2112,8545,66,44545,65,64],"class_list":["post-130988","post","type-post","status-publish","format-standard","has-post-thumbnail","category-welt","tag-cross-catholic-outreach","tag-kinderhilfe","tag-kriegsopfer","tag-nachrichten","tag-news","tag-papamobil","tag-schlagzeilen","tag-vatikan","tag-vereinigte-staaten","tag-welt","tag-wohltaetigkeit","tag-world","tag-world-news"],"share_on_mastodon":{"url":"https:\/\/pubeurope.com\/@at\/116489556047470115","error":""},"_links":{"self":[{"href":"https:\/\/www.europesays.com\/at\/wp-json\/wp\/v2\/posts\/130988","targetHints":{"allow":["GET"]}}],"collection":[{"href":"https:\/\/www.europesays.com\/at\/wp-json\/wp\/v2\/posts"}],"about":[{"href":"https:\/\/www.europesays.com\/at\/wp-json\/wp\/v2\/types\/post"}],"author":[{"embeddable":true,"href":"https:\/\/www.europesays.com\/at\/wp-json\/wp\/v2\/users\/2"}],"replies":[{"embeddable":true,"href":"https:\/\/www.europesays.com\/at\/wp-json\/wp\/v2\/comments?post=130988"}],"version-history":[{"count":0,"href":"https:\/\/www.europesays.com\/at\/wp-json\/wp\/v2\/posts\/130988\/revisions"}],"wp:featuredmedia":[{"embeddable":true,"href":"https:\/\/www.europesays.com\/at\/wp-json\/wp\/v2\/media\/130989"}],"wp:attachment":[{"href":"https:\/\/www.europesays.com\/at\/wp-json\/wp\/v2\/media?parent=130988"}],"wp:term":[{"taxonomy":"category","embeddable":true,"href":"https:\/\/www.europesays.com\/at\/wp-json\/wp\/v2\/categories?post=130988"},{"taxonomy":"post_tag","embeddable":true,"href":"https:\/\/www.europesays.com\/at\/wp-json\/wp\/v2\/tags?post=130988"}],"curies":[{"name":"wp","href":"https:\/\/api.w.org\/{rel}","templated":true}]}}