{"id":131279,"date":"2026-04-29T22:38:07","date_gmt":"2026-04-29T22:38:07","guid":{"rendered":"https:\/\/www.europesays.com\/at\/131279\/"},"modified":"2026-04-29T22:38:07","modified_gmt":"2026-04-29T22:38:07","slug":"ineos-petrochemiekonzern-benennt-vertriebspartner-fuer-europa","status":"publish","type":"post","link":"https:\/\/www.europesays.com\/at\/131279\/","title":{"rendered":"Ineos: Petrochemiekonzern benennt Vertriebspartner f\u00fcr Europa"},"content":{"rendered":"<p class=\"artikel-bild artikel-bild-jpg\"><img loading=\"lazy\" decoding=\"async\" src=\"https:\/\/www.europesays.com\/at\/wp-content\/uploads\/2026\/04\/w260083A.jpg\" alt=\"Distribution in Europa geregelt: Rob Ingram (Foto: Ineos)\" width=\"600\" height=\"444\"\/>Distribution in Europa geregelt: Rob Ingram (Foto: Ineos)<\/p>\n<p>Seinen Europavertrieb f\u00fcr Polyethylen und Polypropylen hat der Petrochemiekonzern Ineos (London \/ Gro\u00dfbritannien) neu aufgestellt. Mit sofortiger Wirkung betreut der Distributeur Snetor (Courbevoie \/ Frankreich) die Auslieferung von PE und PP in Deutschland, Italien, Spanien und Portugal.<\/p>\n<p>Neben Snetor wird auch die schweizerische Omya Performance Polymer Distribution (Oftringen \/ Schweiz) den Vertrieb von PE und PP von Ineos \u00fcbernehmen. Die beiden Unternehmen arbeiten bereits \u00fcber die Omya-Vertriebstochter Distrupol exklusiv in Skandinavien sowie in Gro\u00dfbritannien und Irland zusammen.\u00a0<\/p>\n","protected":false},"excerpt":{"rendered":"Distribution in Europa geregelt: Rob Ingram (Foto: Ineos) Seinen Europavertrieb f\u00fcr Polyethylen und Polypropylen hat der Petrochemiekonzern Ineos&hellip;\n","protected":false},"author":2,"featured_media":131280,"comment_status":"","ping_status":"","sticky":false,"template":"","format":"standard","meta":{"footnotes":"","_share_on_mastodon":"0"},"categories":[3],"tags":[6012,6013,6016,76,75,74,6014,2414,6006,6007,6008,6009,2997,2543,40,41,6010,4973,2666,6011,254,93,777,6015,55],"class_list":["post-131279","post","type-post","status-publish","format-standard","has-post-thumbnail","category-europa","tag-additive","tag-anbieter","tag-datenbanken","tag-eu","tag-europa","tag-europe","tag-handelsnamen","tag-jobs","tag-kunststoff","tag-kunststoffe","tag-kunststoffindustrie","tag-kunststoffverarbeitung","tag-marktberichte","tag-maschinen","tag-nachrichten","tag-news","tag-polymerpreise","tag-produkte","tag-rohstoffe","tag-stellenmarkt","tag-technologie","tag-unternehmen","tag-veranstaltungen","tag-verbaende","tag-video"],"share_on_mastodon":{"url":"https:\/\/pubeurope.com\/@at\/116490397983292272","error":""},"_links":{"self":[{"href":"https:\/\/www.europesays.com\/at\/wp-json\/wp\/v2\/posts\/131279","targetHints":{"allow":["GET"]}}],"collection":[{"href":"https:\/\/www.europesays.com\/at\/wp-json\/wp\/v2\/posts"}],"about":[{"href":"https:\/\/www.europesays.com\/at\/wp-json\/wp\/v2\/types\/post"}],"author":[{"embeddable":true,"href":"https:\/\/www.europesays.com\/at\/wp-json\/wp\/v2\/users\/2"}],"replies":[{"embeddable":true,"href":"https:\/\/www.europesays.com\/at\/wp-json\/wp\/v2\/comments?post=131279"}],"version-history":[{"count":0,"href":"https:\/\/www.europesays.com\/at\/wp-json\/wp\/v2\/posts\/131279\/revisions"}],"wp:featuredmedia":[{"embeddable":true,"href":"https:\/\/www.europesays.com\/at\/wp-json\/wp\/v2\/media\/131280"}],"wp:attachment":[{"href":"https:\/\/www.europesays.com\/at\/wp-json\/wp\/v2\/media?parent=131279"}],"wp:term":[{"taxonomy":"category","embeddable":true,"href":"https:\/\/www.europesays.com\/at\/wp-json\/wp\/v2\/categories?post=131279"},{"taxonomy":"post_tag","embeddable":true,"href":"https:\/\/www.europesays.com\/at\/wp-json\/wp\/v2\/tags?post=131279"}],"curies":[{"name":"wp","href":"https:\/\/api.w.org\/{rel}","templated":true}]}}