{"id":136400,"date":"2026-05-02T18:43:21","date_gmt":"2026-05-02T18:43:21","guid":{"rendered":"https:\/\/www.europesays.com\/at\/136400\/"},"modified":"2026-05-02T18:43:21","modified_gmt":"2026-05-02T18:43:21","slug":"gemeinsamer-auftritt-schoenebergers-silbereisen-rat-an-helene-fischer","status":"publish","type":"post","link":"https:\/\/www.europesays.com\/at\/136400\/","title":{"rendered":"Gemeinsamer Auftritt &#8211; Sch\u00f6nebergers Silbereisen-Rat an Helene Fischer"},"content":{"rendered":"<p>Wann Silbereisen n\u00e4chtens aufs WC muss<br \/>Fischer und Silbereisen seien, gemeinsam vor der NDR-Kamera, \u201efroh, dass wir das endlich mal aufarbeiten k\u00f6nnen, nach all den Jahren, wir zwei\u201c. Um dann aber gleich zu scherzen: Damals h\u00e4tten sie \u201enoch durchgeschlafen\u201c. Ob dabei Kleinkind bedingte n\u00e4chtliche Wachphasen gemeint sind, darauf wird nicht eingegangen \u2013 wohl aber auf Silbereisens n\u00e4chtlichen Wachmacher: \u201eSp\u00e4testens um vier, halb f\u00fcnf muss ich mittlerweile irgendwann auf die \u00f6rtlichen Wasserspiele. Und dann bin ich eh schon wach.\u201c\u00a0<\/p>\n","protected":false},"excerpt":{"rendered":"Wann Silbereisen n\u00e4chtens aufs WC mussFischer und Silbereisen seien, gemeinsam vor der NDR-Kamera, \u201efroh, dass wir das endlich&hellip;\n","protected":false},"author":2,"featured_media":136401,"comment_status":"","ping_status":"","sticky":false,"template":"","format":"standard","meta":{"footnotes":"","_share_on_mastodon":"0"},"categories":[27],"tags":[1440,46,42,5885,245,175,147,11656,45681,45682,828,6182,33177,180,279,3971,44,176,37539,1398,148,182,7085],"class_list":["post-136400","post","type-post","status-publish","format-standard","has-post-thumbnail","category-prominente","tag-amsterdam","tag-at","tag-austria","tag-barbara-schoeneberger","tag-berlin","tag-celebrities","tag-entertainment","tag-fischer","tag-fischers","tag-florian-silbereisen-dass","tag-hamburg","tag-helene-fischer","tag-hubertus-meyer-burckhardt","tag-koeln","tag-muenchen","tag-ndr","tag-oesterreich","tag-prominente","tag-schoeneberger","tag-stuttgart","tag-unterhaltung","tag-wien","tag-zuerich"],"share_on_mastodon":{"url":"https:\/\/pubeurope.com\/@at\/116506460297682096","error":""},"_links":{"self":[{"href":"https:\/\/www.europesays.com\/at\/wp-json\/wp\/v2\/posts\/136400","targetHints":{"allow":["GET"]}}],"collection":[{"href":"https:\/\/www.europesays.com\/at\/wp-json\/wp\/v2\/posts"}],"about":[{"href":"https:\/\/www.europesays.com\/at\/wp-json\/wp\/v2\/types\/post"}],"author":[{"embeddable":true,"href":"https:\/\/www.europesays.com\/at\/wp-json\/wp\/v2\/users\/2"}],"replies":[{"embeddable":true,"href":"https:\/\/www.europesays.com\/at\/wp-json\/wp\/v2\/comments?post=136400"}],"version-history":[{"count":0,"href":"https:\/\/www.europesays.com\/at\/wp-json\/wp\/v2\/posts\/136400\/revisions"}],"wp:featuredmedia":[{"embeddable":true,"href":"https:\/\/www.europesays.com\/at\/wp-json\/wp\/v2\/media\/136401"}],"wp:attachment":[{"href":"https:\/\/www.europesays.com\/at\/wp-json\/wp\/v2\/media?parent=136400"}],"wp:term":[{"taxonomy":"category","embeddable":true,"href":"https:\/\/www.europesays.com\/at\/wp-json\/wp\/v2\/categories?post=136400"},{"taxonomy":"post_tag","embeddable":true,"href":"https:\/\/www.europesays.com\/at\/wp-json\/wp\/v2\/tags?post=136400"}],"curies":[{"name":"wp","href":"https:\/\/api.w.org\/{rel}","templated":true}]}}