{"id":137245,"date":"2026-05-03T08:56:10","date_gmt":"2026-05-03T08:56:10","guid":{"rendered":"https:\/\/www.europesays.com\/at\/137245\/"},"modified":"2026-05-03T08:56:10","modified_gmt":"2026-05-03T08:56:10","slug":"titelgewinn-im-theater-flick-schaut-lieber-zauberer-als-real","status":"publish","type":"post","link":"https:\/\/www.europesays.com\/at\/137245\/","title":{"rendered":"Titelgewinn im Theater? Flick schaut lieber Zauberer als Real"},"content":{"rendered":"<p> <img decoding=\"async\" src=\"https:\/\/www.europesays.com\/at\/wp-content\/uploads\/2026\/05\/42e00c14efb2a98bed40cbfff0dada83b3a4f480.jpg\" alt=\"\"\/><br \/>\nDer m\u00f6gliche Gewinn des spanischen Meistertitels schon am Sonntagabend? Hansi Flick ist es wurscht. &#8222;Es ist egal, wann wir gewinnen, wichtig ist, die Aufgabe zu erf\u00fcllen&#8220;, sagte der Trainer des FC Barcelona nach dem 2:1 (0:0) bei CA Osasuna. <\/p>\n<p><img decoding=\"async\" src=\"https:\/\/www.europesays.com\/at\/wp-content\/uploads\/2026\/05\/291daca395b331d75b8e5d04b7140e658b195aa3.jpg\" alt=\"Vor dem Titelgewinn mit Barca: Hansi Flick (Foto: PSNEWZ\/SIPA\/PSNEWZ\/SIPA\/SID\/PSNEWZ)\"\/><\/p>\n<p>Vor dem Titelgewinn mit Barca: Hansi Flick<\/p>\n<p>Foto: PSNEWZ\/SIPA\/PSNEWZ\/SIPA\/SID\/PSNEWZ<\/p>\n<p>Flick wei\u00df, dass im Falle eines weiteren Strauchlers von Real Madrid am Sonntagabend (21.00 Uhr\/DAZN) bei Espanyol Barcelona der erneute Triumph der spanischen La Liga perfekt w\u00e4re. Das wom\u00f6glich entscheidende Spiel werde er sich aber &#8222;sicher nicht ansehen. Solche Dinge interessieren mich nicht. Wenn irgendetwas passiert, werden die Jungs es mich in unserer WhatsApp-Gruppe wissen lassen. Vielleicht gehe ich mit meiner Frau ins Theater zum Zauberer Mago Pop.&#8220; El Mago Pop ist der Magier Antonio D\u00edaz, ein weltweit gefeierter spanischer Illusionist.<\/p>\n<p>Barcelona liegt durch den Dreier bei Osasuna vorerst 14 Punkte vor dem Verfolger Real Madrid. Die Titelverteidigung ist den Katalanen angesichts von noch vier ausstehenden eigenen Spielen kaum noch zu nehmen &#8211; selbst wenn Real am heutigen Sonntagabend nachziehen und gewinnen sollte, blieben Flicks Team vier Matchb\u00e4lle. Am n\u00e4chsten Sonntag (21.00 Uhr) empf\u00e4ngt Barcelona den Erzrivalen im Cl\u00e1sico.<\/p>\n<p>F\u00fcr Flick gibt es wohl in K\u00fcrze einen weiteren Grund zur Freude: Medien berichteten zuletzt, dass der fr\u00fchere Bundestrainer in Barcelona weitermache und unmittelbar vor einer Vertragsverl\u00e4ngerung stehe. Ein Vertrag bis 2028 mit der Option auf eine weitere Saison sei bereits ausgehandelt und unterschriftsreif.  <\/p>\n<p class=\"text-secondary\">\u00a9 2026 SID<\/p>\n","protected":false},"excerpt":{"rendered":"Der m\u00f6gliche Gewinn des spanischen Meistertitels schon am Sonntagabend? Hansi Flick ist es wurscht. &#8222;Es ist egal, wann&hellip;\n","protected":false},"author":2,"featured_media":137246,"comment_status":"","ping_status":"","sticky":false,"template":"","format":"standard","meta":{"footnotes":"","_share_on_mastodon":"0"},"categories":[18],"tags":[46,42,4897,12351,44,45899,109,108,45900],"class_list":["post-137245","post","type-post","status-publish","format-standard","has-post-thumbnail","category-sport","tag-at","tag-austria","tag-fc-barcelona","tag-hansi-flick","tag-oesterreich","tag-spanische-la-liga","tag-sport","tag-sports","tag-titelgewinn"],"share_on_mastodon":{"url":"https:\/\/pubeurope.com\/@at\/116509814756854561","error":""},"_links":{"self":[{"href":"https:\/\/www.europesays.com\/at\/wp-json\/wp\/v2\/posts\/137245","targetHints":{"allow":["GET"]}}],"collection":[{"href":"https:\/\/www.europesays.com\/at\/wp-json\/wp\/v2\/posts"}],"about":[{"href":"https:\/\/www.europesays.com\/at\/wp-json\/wp\/v2\/types\/post"}],"author":[{"embeddable":true,"href":"https:\/\/www.europesays.com\/at\/wp-json\/wp\/v2\/users\/2"}],"replies":[{"embeddable":true,"href":"https:\/\/www.europesays.com\/at\/wp-json\/wp\/v2\/comments?post=137245"}],"version-history":[{"count":0,"href":"https:\/\/www.europesays.com\/at\/wp-json\/wp\/v2\/posts\/137245\/revisions"}],"wp:featuredmedia":[{"embeddable":true,"href":"https:\/\/www.europesays.com\/at\/wp-json\/wp\/v2\/media\/137246"}],"wp:attachment":[{"href":"https:\/\/www.europesays.com\/at\/wp-json\/wp\/v2\/media?parent=137245"}],"wp:term":[{"taxonomy":"category","embeddable":true,"href":"https:\/\/www.europesays.com\/at\/wp-json\/wp\/v2\/categories?post=137245"},{"taxonomy":"post_tag","embeddable":true,"href":"https:\/\/www.europesays.com\/at\/wp-json\/wp\/v2\/tags?post=137245"}],"curies":[{"name":"wp","href":"https:\/\/api.w.org\/{rel}","templated":true}]}}