{"id":149705,"date":"2026-05-10T00:49:09","date_gmt":"2026-05-10T00:49:09","guid":{"rendered":"https:\/\/www.europesays.com\/at\/149705\/"},"modified":"2026-05-10T00:49:09","modified_gmt":"2026-05-10T00:49:09","slug":"oeehv-team-drei-drittel-drei-gesichter-und-die-kader-frage","status":"publish","type":"post","link":"https:\/\/www.europesays.com\/at\/149705\/","title":{"rendered":"\u00d6EHV-Team: Drei Drittel, drei Gesichter und die Kader-Frage"},"content":{"rendered":"<p>\u00d6sterreich f\u00e4hrt mit einem Erfolgserlebnis im Gep\u00e4ck zur <a href=\"https:\/\/www.laola1.at\/de\/daten\/news\/eishockey\/eishockey\/\" class=\"tag\" rel=\"nofollow noopener\" target=\"_blank\">Eishockey<\/a>-WM 2026 nach Z\u00fcrich.<\/p>\n<p>Das \u00d6EHV-Team feierte zum Abschluss der WM-Vorbereitung einen <a target=\"_blank\" rel=\"noopener noreferrer nofollow\" href=\"https:\/\/www.laola1.at\/de\/red\/wintersport\/eishockey\/nationalteam\/news\/gelungene-generalprobe--oeehv-team-schlaegt-slowenien-klar\/\">4:1-Sieg \u00fcber Slowenien.<\/a> Das Resultat war letztlich etwas deutlicher, als es der Spielverlauf vermuten lassen w\u00fcrde.<\/p>\n<p>Die Truppe von Teamchef Roger Bader hatte im ersten Spielabschnitt ziemliche Anlaufschwierigkeiten. &#8222;Dar\u00fcber brauchen wir nicht reden, das war nichts&#8220;, stellte Youngster Leon Kolarik klar.<\/p>\n<p>Eine &#8222;Watschn&#8220; im ersten Drittel<\/p>\n<p>Slowenien pr\u00e4sentierte sich erwartet aggressiv in den Zweik\u00e4mpfen, verwickelte die \u00f6sterreichischen Spieler in viele Scharm\u00fctzel. Zumindest in den ersten 20 Spielminuten war es das &#8222;hitzige Spiel&#8220;, von dem man im Vorfeld auch ausgegangen ist.<\/p>\n<p>Doch Bader monierte: &#8222;Wir waren zu wenig bereit daf\u00fcr, dass Slowenien k\u00f6rperbetont spielt, aufs\u00e4ssig und l\u00e4stig ist. Da gab es Diskussionen mit dem Gegner, mit dem Schiedsrichter.&#8220;<\/p>\n<p>Benjamin Nissner wurde deutlich: &#8222;Vielleicht haben wir den Gegner etwas untersch\u00e4tzt, aber wir sind auf Augenh\u00f6he. Wir haben eine kurze Watschn bekommen und zur Realit\u00e4t zur\u00fcckgefunden.&#8220;<\/p>\n<p>Bei der WM d\u00fcrfe \u00d6sterreich dies jedenfalls nicht passieren, betonte der Salzburg-St\u00fcrmer.<\/p>\n<p>Tore bringen Selbstvertrauen<\/p>\n<p>Ab dem zweiten Drittel fokussierte sich die \u00d6EHV-Auswahl auf das eigene Spiel, fand min\u00fctlich besser in die Begegnung und bewahrte die Contenance. Die erfreuliche Folge war ein Doppelschlag von Kapit\u00e4n Peter Schneider und Kolarik zum 2:0.<\/p>\n<p>Die F\u00fchrung impfte das n\u00f6tige Selbstbewusstsein ein, wobei trotzdem nicht alles rosig war. Nissner erkl\u00e4rte: &#8222;Wir haben hinten noch paar Mal aufgemacht, sie sind dadurch zu Chancen gekommen.&#8220; Eine dieser M\u00f6glichkeiten f\u00fchrte zum zwischenzeitlichen 1:3.<\/p>\n<p>Nissner forderte: &#8222;Wir m\u00fcssen mit dem dritten Fl\u00fcgel im Forecheck noch besser zur\u00fcckarbeiten, zu dritt hinten stehen und keine \u00dcberzahl-Situationen zulassen. Wenn wir das in den Griff bekommen, schaut es ganz gut aus.&#8220;<\/p>\n<p>Drittel 3 brachte das sch\u00f6nste Gesicht<\/p>\n<p>Im dritten Drittel sei man schlie\u00dflich so aufgetreten, &#8222;wie wirklich spielen wollen&#8220;, so Nissner, der mit einem herrlichen Treffer zum 3:0 selbst f\u00fcr die Vorentscheidung sorgen konnte.<\/p>\n<p>&#8222;Ab da haben wir unser Ding durchgezogen. So m\u00fcssen wir bei der WM dann auch starten, bis dahin aus unseren Fehlern lernen. Der Sieg ist trotzdem nochmal wichtig&#8220;, sagte der Salzburg-St\u00fcrmer.<\/p>\n<p>Den Spielern war genauso wie dem Teamchef bewusst, dass es bis zum ersten WM-Spiel noch einer Steigerung bedarf. Doch mit Blick auf das wom\u00f6glich entscheidende Doppel gegen Gro\u00dfbritannien und Ungarn war Slowenien der perfekte Test-Gegner zum Abschluss.<\/p>\n<p>Bader meinte: &#8222;Ich h\u00e4tte mir kein besseres Spiel w\u00fcnschen k\u00f6nnen, weil es uns darauf vorbereitet hat, was uns am Samstag erwarten wird. Es war f\u00fcr die Spieler unangenehm, aber ich hatte darauf gehofft.&#8220;<\/p>\n<p>Die letzten Kader-Fragen<\/p>\n<p>Die Aufgabe des Schweizers besteht nun darin, die letzten Kader-Entscheidungen zu treffen.<\/p>\n<p>Drei Spieler m\u00fcssen noch aus dem Aufgebot gestrichen werden, in die Karten wollte sich der Teamchef nicht blicken lassen. Bader sagte mit einem L\u00e4cheln im Gesicht: &#8222;Peter Schneider ist dabei, alles andere verrate ich nicht.&#8220;<\/p>\n<p>Bader verwies auf die Playoff-Serie in der AHL zwischen Laval Rocket und Toronto Marlies, die am sp\u00e4ten Samstagabend in Spiel 5 kumuliert. Bei einer Niederlage Lavals besteht die M\u00f6glichkeit, dass David Reinbacher und <a href=\"https:\/\/www.laola1.at\/de\/daten\/news\/vinzenz-rohrer\/\" class=\"tag\" rel=\"nofollow noopener\" target=\"_blank\">Vinzenz Rohrer<\/a> zur WM kommen. <a target=\"_blank\" rel=\"noopener noreferrer nofollow\" href=\"https:\/\/www.laola1.at\/de\/red\/wintersport\/eishockey\/international\/laval-scheitert-in-ahl-playoffs--weg-zur-wm-frei-fuer-oeehv-duo-\/\">Update: Reinbacher und Rohrer schieden mit Laval aus&gt;&gt;&gt;<\/a><\/p>\n<p>Die finale Freigabe m\u00fcsste freilich erst von den Montreal Canadiens erteilt werden, die sich noch mitten in den <a href=\"https:\/\/www.laola1.at\/de\/daten\/news\/eishockey\/nhl\/\" class=\"tag\" rel=\"nofollow noopener\" target=\"_blank\">NHL<\/a>-Playoffs befinden und ihr Veto einlegen k\u00f6nnten. F\u00fcr das erste WM-Spiel w\u00fcrden jedenfalls zwei Spieler &#8222;sicher nicht&#8220; gemeldet werden, verriet Bader.<\/p>\n<p>Sollte keine Verst\u00e4rkung aus Nordamerika erwartet werden k\u00f6nnen, &#8222;werden diese Spieler dann irgendwann spielen&#8220;, so Bader.<\/p>\n","protected":false},"excerpt":{"rendered":"\u00d6sterreich f\u00e4hrt mit einem Erfolgserlebnis im Gep\u00e4ck zur Eishockey-WM 2026 nach Z\u00fcrich. Das \u00d6EHV-Team feierte zum Abschluss der&hellip;\n","protected":false},"author":2,"featured_media":149706,"comment_status":"","ping_status":"","sticky":false,"template":"","format":"standard","meta":{"footnotes":"","_share_on_mastodon":"0"},"categories":[8],"tags":[20893,300,35024,7902,41135,40,41,28053,32086,39,38,117],"class_list":["post-149705","post","type-post","status-publish","format-standard","has-post-thumbnail","category-nachrichten","tag-benjamin-nissner","tag-eishockey","tag-eishockey-wm","tag-laola1","tag-leon-kolarik","tag-nachrichten","tag-news","tag-oeehv-nationalteam","tag-roger-bader","tag-schlagzeilen","tag-top-meldungen","tag-wintersport"],"share_on_mastodon":{"url":"https:\/\/pubeurope.com\/@at\/116547535693267264","error":""},"_links":{"self":[{"href":"https:\/\/www.europesays.com\/at\/wp-json\/wp\/v2\/posts\/149705","targetHints":{"allow":["GET"]}}],"collection":[{"href":"https:\/\/www.europesays.com\/at\/wp-json\/wp\/v2\/posts"}],"about":[{"href":"https:\/\/www.europesays.com\/at\/wp-json\/wp\/v2\/types\/post"}],"author":[{"embeddable":true,"href":"https:\/\/www.europesays.com\/at\/wp-json\/wp\/v2\/users\/2"}],"replies":[{"embeddable":true,"href":"https:\/\/www.europesays.com\/at\/wp-json\/wp\/v2\/comments?post=149705"}],"version-history":[{"count":0,"href":"https:\/\/www.europesays.com\/at\/wp-json\/wp\/v2\/posts\/149705\/revisions"}],"wp:featuredmedia":[{"embeddable":true,"href":"https:\/\/www.europesays.com\/at\/wp-json\/wp\/v2\/media\/149706"}],"wp:attachment":[{"href":"https:\/\/www.europesays.com\/at\/wp-json\/wp\/v2\/media?parent=149705"}],"wp:term":[{"taxonomy":"category","embeddable":true,"href":"https:\/\/www.europesays.com\/at\/wp-json\/wp\/v2\/categories?post=149705"},{"taxonomy":"post_tag","embeddable":true,"href":"https:\/\/www.europesays.com\/at\/wp-json\/wp\/v2\/tags?post=149705"}],"curies":[{"name":"wp","href":"https:\/\/api.w.org\/{rel}","templated":true}]}}