{"id":155604,"date":"2026-05-13T06:39:11","date_gmt":"2026-05-13T06:39:11","guid":{"rendered":"https:\/\/www.europesays.com\/at\/155604\/"},"modified":"2026-05-13T06:39:11","modified_gmt":"2026-05-13T06:39:11","slug":"top-speaker-manfred-hueckel-zeigt-in-linz-wege-zur-modernen-fuehrung","status":"publish","type":"post","link":"https:\/\/www.europesays.com\/at\/155604\/","title":{"rendered":"Top-Speaker Manfred H\u00fcckel zeigt in Linz Wege zur modernen F\u00fchrung"},"content":{"rendered":"<p> LINZ. Im Rahmen der <a data-mce-href=\"https:\/\/wirtschaftsakademie.nachrichten.at\/index.php\/speaker\/manfred-hueckel\/\" rel=\"nofollow noopener\" target=\"_blank\" href=\"https:\/\/wirtschaftsakademie.nachrichten.at\/index.php\/speaker\/manfred-hueckel\/\">Wirtschaftsakademie der O\u00d6Nachrichten<\/a> kommt ein international gefragter Top-Speaker nach Linz: Dr. Manfred H\u00fcckel gibt im Brucknerhaus spannende Einblicke in moderne F\u00fchrung, Markenaufbau und unternehmerischen Erfolg.\u00a0 <\/p>\n<p>Unter dem Titel <a data-mce-href=\"https:\/\/wirtschaftsakademie.nachrichten.at\/index.php\/speaker\/manfred-hueckel\/\" rel=\"nofollow noopener\" target=\"_blank\" href=\"https:\/\/wirtschaftsakademie.nachrichten.at\/index.php\/speaker\/manfred-hueckel\/\">\u201eIslands of Excellence \u2013 Wie man ein Umfeld f\u00fcr Spitzenleistungen schafft\u201c<\/a> widmet er sich der Frage, wie Organisationen nachhaltige H\u00f6chstleistung erm\u00f6glichen k\u00f6nnen. Dr. Manfred H\u00fcckel z\u00e4hlt zu den profiliertesten Leadership-Experten im deutschsprachigen Raum. <\/p>\n<p>\u00dcber zwei Jahrzehnte pr\u00e4gte er als Top-Manager (unter anderem als Global Head of Marketing &amp; Sales) die Erfolgsgeschichte von Red Bull ma\u00dfgeblich mit. Er war zentral daran beteiligt, aus einem Start-up eine weltweit f\u00fchrende Weltmarke zu formen. Seine Karriere startete er bei Procter &amp; Gamble; heute gibt er sein Wissen als Executive Coach und Keynote Speaker weiter. Sein Fokus: werteorientierte F\u00fchrung, Hochleistungsteams und Transformationsprozesse.<\/p>\n<p>Inspiration trifft Praxis<\/p>\n<p>H\u00fcckels Vortr\u00e4ge gelten als inspirierend und praxisnah. Er zeigt auf, wie klare Haltung und eine starke Markenidentit\u00e4t Orientierung in herausfordernden Zeiten geben. Dass Leistungsbereitschaft f\u00fcr ihn kein blo\u00dfes Schlagwort ist, beweist er auch privat: Als Finisher des Ironman Hawaii kennt er die Bedeutung von mentaler St\u00e4rke. <\/p>\n<p>Der <a data-mce-href=\"https:\/\/wirtschaftsakademie.nachrichten.at\/index.php\/speaker\/manfred-hueckel\/\" data-mce-selected=\"inline-boundary\" rel=\"nofollow noopener\" target=\"_blank\" href=\"https:\/\/wirtschaftsakademie.nachrichten.at\/index.php\/speaker\/manfred-hueckel\/\">Abend im Brucknerhaus<\/a> bietet die Chance, von einem der erfahrensten Praktiker zu lernen. Die Veranstaltung richtet sich an Unternehmer, F\u00fchrungskr\u00e4fte und alle, die sich f\u00fcr zukunftsorientiertes Management interessieren. Im Mittelpunkt stehen Fragen wie: Wie f\u00fchrt man Teams zu H\u00f6chstleistung? Welche Rolle spielt die Kultur im Wandel? Dr. Manfred H\u00fcckel liefert die Antworten.<\/p>\n","protected":false},"excerpt":{"rendered":"LINZ. Im Rahmen der Wirtschaftsakademie der O\u00d6Nachrichten kommt ein international gefragter Top-Speaker nach Linz: Dr. Manfred H\u00fcckel gibt&hellip;\n","protected":false},"author":2,"featured_media":155605,"comment_status":"","ping_status":"","sticky":false,"template":"","format":"standard","meta":{"footnotes":"","_share_on_mastodon":"0"},"categories":[30],"tags":[46,42,42399,184,50059,50058,44,50057],"class_list":["post-155604","post","type-post","status-publish","format-standard","has-post-thumbnail","category-linz","tag-at","tag-austria","tag-brucknerhaus-linz","tag-linz","tag-manfred-hueckel","tag-ooen","tag-oesterreich","tag-wirtschaftsakademie"],"share_on_mastodon":{"url":"https:\/\/pubeurope.com\/@at\/116565898946608905","error":""},"_links":{"self":[{"href":"https:\/\/www.europesays.com\/at\/wp-json\/wp\/v2\/posts\/155604","targetHints":{"allow":["GET"]}}],"collection":[{"href":"https:\/\/www.europesays.com\/at\/wp-json\/wp\/v2\/posts"}],"about":[{"href":"https:\/\/www.europesays.com\/at\/wp-json\/wp\/v2\/types\/post"}],"author":[{"embeddable":true,"href":"https:\/\/www.europesays.com\/at\/wp-json\/wp\/v2\/users\/2"}],"replies":[{"embeddable":true,"href":"https:\/\/www.europesays.com\/at\/wp-json\/wp\/v2\/comments?post=155604"}],"version-history":[{"count":0,"href":"https:\/\/www.europesays.com\/at\/wp-json\/wp\/v2\/posts\/155604\/revisions"}],"wp:featuredmedia":[{"embeddable":true,"href":"https:\/\/www.europesays.com\/at\/wp-json\/wp\/v2\/media\/155605"}],"wp:attachment":[{"href":"https:\/\/www.europesays.com\/at\/wp-json\/wp\/v2\/media?parent=155604"}],"wp:term":[{"taxonomy":"category","embeddable":true,"href":"https:\/\/www.europesays.com\/at\/wp-json\/wp\/v2\/categories?post=155604"},{"taxonomy":"post_tag","embeddable":true,"href":"https:\/\/www.europesays.com\/at\/wp-json\/wp\/v2\/tags?post=155604"}],"curies":[{"name":"wp","href":"https:\/\/api.w.org\/{rel}","templated":true}]}}