{"id":158131,"date":"2026-05-14T13:59:11","date_gmt":"2026-05-14T13:59:11","guid":{"rendered":"https:\/\/www.europesays.com\/at\/158131\/"},"modified":"2026-05-14T13:59:11","modified_gmt":"2026-05-14T13:59:11","slug":"nach-drohnenvorfaellen-lettland-koalition-am-ende-regierungschefin-geht-kronen-zeitung","status":"publish","type":"post","link":"https:\/\/www.europesays.com\/at\/158131\/","title":{"rendered":"Nach Drohnenvorf\u00e4llen &#8211; Lettland-Koalition am Ende: Regierungschefin geht &#8211; Kronen Zeitung"},"content":{"rendered":"<p><a href=\"https:\/\/news.google.com\/rss\/articles\/CBMiQkFVX3lxTE1qUzhxbmlrSTVSRklIVXVpSDRqczVWbTJTZ2p0Q1FEcHVMcl9ObVFUaFQ2RXJtTjhMNF9nekhmcWViZw?oc=5\" target=\"_blank\" rel=\"nofollow noopener\">Nach Drohnenvorf\u00e4llen &#8211; Lettland-Koalition am Ende: Regierungschefin geht<\/a>&nbsp;&nbsp;Kronen Zeitung<a href=\"https:\/\/news.google.com\/rss\/articles\/CBMiuAFBVV95cUxQY1Nua0pjeGtPNVVLeGJjUWlfVEdaM25DT0E0OE5mYkNsZ1V1RjU5QUE4SW4wTE03RkxZWmxEV2RuMExjNGRhRXc1M3BlSmhhd3dQemk3ZlpSdl8yYTJzTVVCV1N3THc4d21odWxSSS1jUm4tbmEwVkZVaFhjSGxJZTl0NFFnSXRHa2hVWEE2clVZTjBKc0FCeGlBWEN1NEt6R3YtMENjRVduUWluOHF1cVlabnNHVzFw?oc=5\" target=\"_blank\" rel=\"nofollow noopener\">Streit \u00fcber Drohnenvorf\u00e4lle: Lettlands Regierungschefin tritt zur\u00fcck<\/a>&nbsp;&nbsp;Der Standard<a href=\"https:\/\/news.google.com\/rss\/articles\/CBMitAFBVV95cUxNQTU0cmJ6SDBMbkRGMXpUMDdQT2J4RHhsTjUzeFBjb0MwMWRxVHF5WF9kRlhFc2VfOEZKakhfNUFYei1Kak8wck52ZGRtX2RWV2VtLTVlQm9HUjlSQUhELXR6d2FnV0g0aXRBdlRxNng3WU5QTzRSdHhHUHJDQjJKN2NYQkVTSm1uWXBQV3o4ZGt0M0JTdlNTNmhTZVRJMTJpV0ZLX0hGTTRCdHlwSHg5MXZxaXU?oc=5\" target=\"_blank\" rel=\"nofollow noopener\">Streit um ukrainische Drohnen: Lettlands Regierungschefin Evika Sili\u0146a erkl\u00e4rt R\u00fccktritt<\/a>&nbsp;&nbsp;DIE ZEIT<a href=\"https:\/\/news.google.com\/rss\/articles\/CBMikgFBVV95cUxOeXZZbnVQS0o4OEtUaW9iSlNDMTVRZVFzbmhqcUg0dEpYTUdnN2NTZVNDeVZGMWMxRGNId0tkdXo3WjJSd3d4aF81Sm5MOGRYUmtJeDUwSHl5d0J5T0ZXaGhjcFBCajFKLXVYSmtPdlpYdWUyZVVZN25zYjFFNVhMbmI1VGJrYTdITnZPQU9GOXlkdw?oc=5\" target=\"_blank\" rel=\"nofollow noopener\">Drohnen-Vorfall l\u00f6st Regierungskrise in Lettland aus<\/a>&nbsp;&nbsp;DiePresse.com<a href=\"https:\/\/news.google.com\/rss\/articles\/CBMi1AFBVV95cUxOM3lVRzdNNkVBYkRfYUxQV01nbElHTUhEcUhlOTVBeVNzWWpDenVOUExtUW9nTmZ4d2NmX3ZRMVFaSFdqdElTQmlGeXdDWmJRYURoYjBCcVctYzBWMzBDRlNaV0UyMktReERRTHNPNWxUWlA3QzNuN1hnbjdUbXBybW9tRFhNNWk5ZjhLNFRDUkhUZFFKWmxtWnlpN0ctSVNzQlpjVkI5QjdIYXE5TUh5MHRLUTlqYkkzaVVGTG11ekRKak1WVVpNaEhoYXhwdG1NcVNmeQ?oc=5\" target=\"_blank\" rel=\"nofollow noopener\">Nach Absturz ukrainischer Drohnen: Lettlands Regierungschefin Silina tritt zur\u00fcck<\/a>&nbsp;&nbsp;Tagesspiegel<\/p>\n","protected":false},"excerpt":{"rendered":"Nach Drohnenvorf\u00e4llen &#8211; Lettland-Koalition am Ende: Regierungschefin geht&nbsp;&nbsp;Kronen ZeitungStreit \u00fcber Drohnenvorf\u00e4lle: Lettlands Regierungschefin tritt zur\u00fcck&nbsp;&nbsp;Der StandardStreit um ukrainische&hellip;\n","protected":false},"author":2,"featured_media":158132,"comment_status":"","ping_status":"","sticky":false,"template":"","format":"standard","meta":{"footnotes":"","_share_on_mastodon":"0"},"categories":[12],"tags":[50568,50569,50570,40,41,50571,39,50572,39566,66,65,64],"class_list":["post-158131","post","type-post","status-publish","format-standard","has-post-thumbnail","category-welt","tag-baltischen","tag-edgars-rinkevics","tag-evika-silina","tag-nachrichten","tag-news","tag-raivis-melnis","tag-schlagzeilen","tag-silina","tag-staatspraesident","tag-welt","tag-world","tag-world-news"],"share_on_mastodon":{"url":"https:\/\/pubeurope.com\/@at\/116573291415348811","error":""},"_links":{"self":[{"href":"https:\/\/www.europesays.com\/at\/wp-json\/wp\/v2\/posts\/158131","targetHints":{"allow":["GET"]}}],"collection":[{"href":"https:\/\/www.europesays.com\/at\/wp-json\/wp\/v2\/posts"}],"about":[{"href":"https:\/\/www.europesays.com\/at\/wp-json\/wp\/v2\/types\/post"}],"author":[{"embeddable":true,"href":"https:\/\/www.europesays.com\/at\/wp-json\/wp\/v2\/users\/2"}],"replies":[{"embeddable":true,"href":"https:\/\/www.europesays.com\/at\/wp-json\/wp\/v2\/comments?post=158131"}],"version-history":[{"count":0,"href":"https:\/\/www.europesays.com\/at\/wp-json\/wp\/v2\/posts\/158131\/revisions"}],"wp:featuredmedia":[{"embeddable":true,"href":"https:\/\/www.europesays.com\/at\/wp-json\/wp\/v2\/media\/158132"}],"wp:attachment":[{"href":"https:\/\/www.europesays.com\/at\/wp-json\/wp\/v2\/media?parent=158131"}],"wp:term":[{"taxonomy":"category","embeddable":true,"href":"https:\/\/www.europesays.com\/at\/wp-json\/wp\/v2\/categories?post=158131"},{"taxonomy":"post_tag","embeddable":true,"href":"https:\/\/www.europesays.com\/at\/wp-json\/wp\/v2\/tags?post=158131"}],"curies":[{"name":"wp","href":"https:\/\/api.w.org\/{rel}","templated":true}]}}