{"id":158253,"date":"2026-05-14T15:26:08","date_gmt":"2026-05-14T15:26:08","guid":{"rendered":"https:\/\/www.europesays.com\/at\/158253\/"},"modified":"2026-05-14T15:26:08","modified_gmt":"2026-05-14T15:26:08","slug":"ikonen-der-kunstgeschichte-metropolitan-museum-und-neue-galerie-in-new-york-fusionieren-2","status":"publish","type":"post","link":"https:\/\/www.europesays.com\/at\/158253\/","title":{"rendered":"\u00abIkonen der Kunstgeschichte\u00bb: Metropolitan Museum und Neue Galerie in New York fusionieren"},"content":{"rendered":"<p class=\"paragraph article__item\">Das renommierte New Yorker Metropolitan Museum und die f\u00fcr ihre Sammlung deutscher und \u00f6sterreichischer Kunst ber\u00fchmte Neue Galerie fusionieren. Ab 2028 werde die Neue Galerie als eine Art Au\u00dfenstelle des schr\u00e4g gegen\u00fcberliegenden Metropolitan Museums betrieben, sagte Museumsdirektor Max Hollein der Deutschen Presse-Agentur. Die 2001 vom Kosmetikunternehmer und Kunstsammler Ronald Lauder gegr\u00fcndete Neue Galerie werde dann offiziell \u00abThe Met Ronald S. Lauder Neue Galerie\u00bb hei\u00dfen.\n<\/p>\n<p>Aktuelles<\/p>\n<p>                <a href=\"https:\/\/www.zeit.de\/feuilleton\/2026-05\/met-gala-2026-looks-gemaelde-kylie-jenner-lauren-sanchez\" data-ct-label=\"Met Gala 2026: Finden Sie den Klimt\" data-uuid=\"b52ab809-fbe0-470c-8b29-a09cec0ccb49\" rel=\"nofollow noopener\" target=\"_blank\"><\/p>\n<p>        Z+ (abopflichtiger Inhalt);<\/p>\n<p>    Met Gala 2026:<br \/>\n                        Finden Sie den Klimt<\/p>\n<p>                <\/a><\/p>\n<p>                <a href=\"https:\/\/www.zeit.de\/2026\/22\/rembrandt-1632-ausstellung-kassel-schloss-wilhelmshoehe\" data-ct-label=\"Rembrandt in Kassel: Schaut her, das bin ich, der Neue!\" data-uuid=\"d921943b-3292-4ef7-9466-a731ce5065a6\" rel=\"nofollow noopener\" target=\"_blank\"><\/p>\n<p>        Z+ (abopflichtiger Inhalt);<\/p>\n<p>    Rembrandt in Kassel:<br \/>\n                        Schaut her, das bin ich, der Neue!<\/p>\n<p>                <\/a><\/p>\n<p>                <a href=\"https:\/\/www.zeit.de\/feuilleton\/kunst\/2026-04\/kuenstler-georg-baselitz-ist-tot\" data-ct-label=\"Maler und Bildhauer: Georg Baselitz ist tot\" data-uuid=\"bcc66f09-c81b-4808-aa5a-29ecbd36d319\" rel=\"nofollow noopener\" target=\"_blank\"><\/p>\n<p>                        Maler und Bildhauer:<br \/>\n                        Georg Baselitz ist tot<\/p>\n<p>                <\/a><\/p>\n<p class=\"paragraph article__item\">\u00abF\u00fcr die Kunstwelt bedeutet es, dass eine der wirklich besonders geliebten undbesonderen kulturellen Institutionen in <a class=\"rtr-entity\" href=\"https:\/\/www.zeit.de\/thema\/new-york\" rel=\"nofollow noopener\" target=\"_blank\">New York<\/a> &#8211; die Neue Galerie, die Ronald Lauder aufgebaut hat &#8211; nicht nur erhalten wird, sondern dass das weiterlebt als genau das Museum, als die Idee, wie es geboren wurde\u00bb, sagte Hollein. Der 56 Jahre alte \u00d6sterreicher ist seit 2018 Direktor des Metropolitan Museums.\u00a0\n<\/p>\n<p>        Metropolitan Museum bekommt \u00abIkonen der Kunstgeschichte\u00bb        <\/p>\n<p class=\"paragraph article__item\">Zudem bekomme das Metropolitan Museum damit eine Sammlung von \u00abIkonen der Kunstgeschichte\u00bb, sagte Hollein weiter &#8211; mit Werken von K\u00fcnstlern wie Egon Schiele, Gabriele M\u00fcnter, Oskar Kokoschka, Max Beckmann, Ernst Ludwig Kirchner, Wassily Kandinsky, Franz Marc und Paul Klee. Damit werde \u00abin einer unglaublich eindrucksvollen Form eine gewisse L\u00fccke auch in der Sammlung des Metropolitan Museums\u00bb geschlossen.\n<\/p>\n<p class=\"paragraph article__item\">Das 1870 gegr\u00fcndete Metropolitan Museum am Central Park in Manhattan hat eine umfassende Sammlung aus aller Welt von der Antike bis in die Moderne, rund sechs Millionen Besucher pro Jahr und geh\u00f6rt zu den ber\u00fchmtesten und renommiertesten Museen der Welt. Mit den Cloisters im Norden Manhattans hat es bereits eine Au\u00dfenstelle, wo haupts\u00e4chlich mittelalterliche Kunst gezeigt wird. Eine weitere Au\u00dfenstelle f\u00fcr moderne und zeitgen\u00f6ssische Kunst &#8211; das unweit des Hauptgeb\u00e4udes gelegene sogenannte \u00abMetBreuer\u00bb &#8211; wurde 2020 nach wenigen Jahren wieder aufgegeben.\u00a0\n<\/p>\n<p>        \u00abGoldene Adele\u00bb ist Star der Neuen Galerie        <\/p>\n<p class=\"paragraph article__item\">Star der Neuen Galerie ist das Gem\u00e4lde \u00abAdele Bloch-Bauer I\u00bb des \u00f6sterreichischen Jugendstilk\u00fcnstlers Gustav Klimt (1862-1918), das Lauder 2006 zum damaligen Rekordpreis von 135 Millionen Dollar ersteigerte. Die \u00abGoldene Adele\u00bb\u00a0wurde zum Zuschauer-Magnet, zeitweise standen hunderte Menschen Schlange und bezahlten bis zu 50 Dollar, um das Werk aus der N\u00e4he zu sehen. Der Zusammenschluss mit dem Metropolitan Museum werde das Verm\u00e4chtnis seiner Neuen Galerie nun \u00abf\u00fcr die Ewigkeit erhalten und st\u00e4rken\u00bb, sagte der 82 Jahre alte Lauder, der unter anderem auch Pr\u00e4sident des J\u00fcdischen Weltkongresses ist.\n<\/p>\n<p class=\"paragraph article__item\">Neben dem Geb\u00e4ude &#8211; einem Jahrhundertwendebau an der noblen Fifth Avenue &#8211; und der aktuellen Sammlung wollen Lauder und sein Tochter Aerin dem Metropolitan Museum auch noch 13 Werke aus ihrer Privatsammlung schenken, darunter ber\u00fchmte Gem\u00e4lde von Klimt, Kirchner und Beckmann. F\u00fcr den laufenden Betrieb der \u00abMet Ronald S. Lauder Neuen Galerie\u00bb werde zudem ein Verm\u00f6gensstock aufgesetzt, der bereits zu einem gro\u00dfen Teil finanziert sei, sagte Hollein.\n<\/p>\n<p class=\"paragraph article__item\">Als Wiener sei er \u00abetwas vorbelastet f\u00fcr die Begeisterung f\u00fcr diese Kunst\u00bb, sagte Hollein. Es fasziniere ihn aber jetzt schon, welche M\u00f6glichkeiten f\u00fcr Ausstellungen sich aus dem Zusammenschluss der Sammlungen des Metropolitan Museums und der Neuen Galerie ergeben. \u00abIch glaube, dadurch entstehen nat\u00fcrlich ganz neue Perspektiven, Blickfelder und nat\u00fcrlich auchKontext.\u00bb\n<\/p>\n<p class=\"paragraph article__item\">\u00a9 dpa-infocom, dpa:260514-930-80798\/2<\/p>\n","protected":false},"excerpt":{"rendered":"Das renommierte New Yorker Metropolitan Museum und die f\u00fcr ihre Sammlung deutscher und \u00f6sterreichischer Kunst ber\u00fchmte Neue Galerie&hellip;\n","protected":false},"author":2,"featured_media":158254,"comment_status":"","ping_status":"","sticky":false,"template":"","format":"standard","meta":{"footnotes":"","_share_on_mastodon":"0"},"categories":[26],"tags":[50610,158,157,46,42,159,147,161,160,50611,548,41,44,148],"class_list":["post-158253","post","type-post","status-publish","format-standard","has-post-thumbnail","category-kunst-und-design","tag-ikonen-der-kunstgeschichte","tag-art","tag-art-and-design","tag-at","tag-austria","tag-design","tag-entertainment","tag-kunst","tag-kunst-und-design","tag-metropolitan-museum","tag-new-york","tag-news","tag-oesterreich","tag-unterhaltung"],"share_on_mastodon":{"url":"https:\/\/pubeurope.com\/@at\/116573633493175037","error":""},"_links":{"self":[{"href":"https:\/\/www.europesays.com\/at\/wp-json\/wp\/v2\/posts\/158253","targetHints":{"allow":["GET"]}}],"collection":[{"href":"https:\/\/www.europesays.com\/at\/wp-json\/wp\/v2\/posts"}],"about":[{"href":"https:\/\/www.europesays.com\/at\/wp-json\/wp\/v2\/types\/post"}],"author":[{"embeddable":true,"href":"https:\/\/www.europesays.com\/at\/wp-json\/wp\/v2\/users\/2"}],"replies":[{"embeddable":true,"href":"https:\/\/www.europesays.com\/at\/wp-json\/wp\/v2\/comments?post=158253"}],"version-history":[{"count":0,"href":"https:\/\/www.europesays.com\/at\/wp-json\/wp\/v2\/posts\/158253\/revisions"}],"wp:featuredmedia":[{"embeddable":true,"href":"https:\/\/www.europesays.com\/at\/wp-json\/wp\/v2\/media\/158254"}],"wp:attachment":[{"href":"https:\/\/www.europesays.com\/at\/wp-json\/wp\/v2\/media?parent=158253"}],"wp:term":[{"taxonomy":"category","embeddable":true,"href":"https:\/\/www.europesays.com\/at\/wp-json\/wp\/v2\/categories?post=158253"},{"taxonomy":"post_tag","embeddable":true,"href":"https:\/\/www.europesays.com\/at\/wp-json\/wp\/v2\/tags?post=158253"}],"curies":[{"name":"wp","href":"https:\/\/api.w.org\/{rel}","templated":true}]}}